{"id":10353,"date":"2024-08-19T15:10:30","date_gmt":"2024-08-19T18:10:30","guid":{"rendered":"https:\/\/sursurmercociudades.org\/semana-de-la-integracion-regional-en-asuncion-capacitacion-en-formulacion-de-proyectos\/"},"modified":"2024-09-06T20:30:01","modified_gmt":"2024-09-06T23:30:01","slug":"semana-de-la-integracion-regional-en-asuncion-capacitacion-en-formulacion-de-proyectos","status":"publish","type":"post","link":"https:\/\/sursurmercociudades.org\/pt-br\/semana-de-la-integracion-regional-en-asuncion-capacitacion-en-formulacion-de-proyectos\/","title":{"rendered":"Semana de integra\u00e7\u00e3o regional em Assun\u00e7\u00e3o \u2013 capacita\u00e7\u00e3o em formula\u00e7\u00e3o de projetos"},"content":{"rendered":"<p align=\"left\">De <b>9 a 13 de setembro<\/b> ser\u00e1 realizada a <b>primeira etapa da 18\u00aa Capacita\u00e7\u00e3o em formula\u00e7\u00e3o de projetos regionais<\/b> do <a href=\"https:\/\/sursurmercociudades.org\/pt-br\/\"><u>Programa de Coopera\u00e7\u00e3o Sul Sul de Mercocidades<\/u><\/a>, que ser\u00e1 presencial em Assun\u00e7\u00e3o, no Paraguai. Os participantes representam governos locais, institui\u00e7\u00f5es acad\u00eamicas e organiza\u00e7\u00f5es da sociedade civil da Argentina, Bol\u00edvia, Brasil, Col\u00f4mbia, Paraguai e Uruguai.<!--more--><span id=\"more-46613\"><\/span><\/p>\n<p align=\"left\">As propostas a formular enquadram-se no eixo \u201cdireito \u00e0 cidade, a cidade de cuidados\u201d, que integra temas como migra\u00e7\u00e3o, inova\u00e7\u00e3o, igualdade de g\u00eanero, popula\u00e7\u00f5es vulner\u00e1veis, sistemas de cuidados, sa\u00fade e os Objetivos de Desenvolvimento Sustent\u00e1vel 5, 11 e 17 (<a href=\"https:\/\/www.un.org\/sustainabledevelopment\/es\/gender-equality\/\"><u>Igualdade de G\u00eanero<\/u><\/a> \u2013 <a href=\"https:\/\/www.un.org\/sustainabledevelopment\/es\/gender-equality\/\"><u>Cidades e Comunidades Sustent\u00e1veis<\/u><\/a> \u200b\u200b\u2013 <a href=\"https:\/\/www.un.org\/sustainabledevelopment\/es\/globalpartnerships\/\"><u>Alian\u00e7as para alcan\u00e7ar os Objetivos<\/u><\/a>).<\/p>\n<p align=\"left\">Ao longo da semana, os e as 25 participantes selecionados ter\u00e3o cobertas as suas despesas de hospedagem, alimenta\u00e7\u00e3o e transporte interno, al\u00e9m da entrega de todos os materiais de trabalho.<\/p>\n<p align=\"left\">Durante a semana de capacita\u00e7\u00e3o, est\u00e3o previstas a participa\u00e7\u00e3o de representantes do <a href=\"https:\/\/www.ismercosur.org\/pt\/home\/\"><u>Instituto Social do Mercosul<\/u><\/a> (ISM), do <a href=\"https:\/\/cefir.org.uy\/\"><u>Centro de Forma\u00e7\u00e3o para Integra\u00e7\u00e3o Regional<\/u><\/a> (CEFIR) e da <a href=\"https:\/\/www.gov.br\/abc\/pt-br\"><u>Ag\u00eancia Brasileira de Coopera\u00e7\u00e3o<\/u><\/a> (ABC), al\u00e9m de autoridades locais e nacionais do Paraguai.<\/p>\n<p align=\"left\">A forma\u00e7\u00e3o presencial contar\u00e1 com oficinas metodol\u00f3gicas e tem\u00e1ticas, nas quais ser\u00e3o apresentadas diversas ferramentas para formula\u00e7\u00e3o e implementa\u00e7\u00e3o de projetos. A segunda etapa do treinamento consistir\u00e1 em uma consultoria virtual de 3 meses em que os e as participantes poder\u00e3o chegar \u00e0 vers\u00e3o final de seus projetos.<\/p>\n<p align=\"left\">Conclu\u00edda a forma\u00e7\u00e3o, ser\u00e3o financiadas at\u00e9 3 iniciativas formuladas, que realizar\u00e3o uma visita t\u00e9cnica a uma experi\u00eancia semelhante \u00e0 que seu projeto aborda nas cidades membros da Rede ou a uma atividade desenvolvida pela Mercocidades no ano 2025.<\/p>\n<p align=\"left\">Entre os participantes, est\u00e3o 11 selecionados da Argentina, 4 do Paraguai, 3 da Bol\u00edvia, 3 do Uruguai, 2 da Col\u00f4mbia e 2 do Brasil.<\/p>\n<p align=\"left\">As pessoas e institui\u00e7\u00f5es selecionadas est\u00e3o detalhadas abaixo:<\/p>\n<ul>\n<li>\n<p align=\"left\"><b>Lilian Ayelen Spesot Pascua<\/b>, Ag\u00eancia para a Promo\u00e7\u00e3o da Inova\u00e7\u00e3o de Avellaneda<\/p>\n<\/li>\n<li>\n<p align=\"left\"><b>Mar\u00eda Victoria Etchevest<\/b>, \u00c1rea de Pol\u00edticas e Estrat\u00e9gias Econ\u00f4micas de Ayacucho<\/p>\n<\/li>\n<li>\n<p align=\"left\"><b>Camila Giselle Baello<\/b>, Governo da Cidade Aut\u00f4noma de Buenos Aires<\/p>\n<\/li>\n<li>\n<p align=\"left\"><b>Lourdes Rocio Villalba<\/b>, Munic\u00edpio de Ceres<\/p>\n<\/li>\n<li>\n<p align=\"left\"><b>Alejandro Miraglia<\/b>, Universidade Nacional de C\u00f3rdoba<\/p>\n<\/li>\n<li>\n<p align=\"left\"><b>Juan Manuel Lozita<\/b>, Funda\u00e7\u00e3o 20 de Novembro<\/p>\n<\/li>\n<li>\n<p align=\"left\"><b>Esteban Andr\u00e9s Bertino<\/b>, Munic\u00edpio de Totoras<\/p>\n<\/li>\n<li>\n<p align=\"left\"><b>Julieta del Carpio<\/b>, Munic\u00edpio de Salta<\/p>\n<\/li>\n<li>\n<p align=\"left\"><b>Mar\u00eda Jos\u00e9 Paredes<\/b>, Observat\u00f3rio de Rela\u00e7\u00f5es Internacionais. Funda\u00e7\u00e3o Vit\u00f3ria<\/p>\n<\/li>\n<li>\n<p align=\"left\"><b>Mar\u00eda Carolina Daniel<\/b>, Munic\u00edpio de Villa Mar\u00eda<\/p>\n<\/li>\n<li>\n<p align=\"left\"><b>Rocio Fatima Cruz Huanca<\/b>, Brigada de Seguran\u00e7a Ambiental<\/p>\n<\/li>\n<li>\n<p align=\"left\"><b>Guilherme Tortato Villarroel<\/b>, Governo Aut\u00f4nomo Municipal de La Paz<\/p>\n<\/li>\n<li>\n<p align=\"left\"><b>Santiago Herrera Sotomayor<\/b>, Governo Aut\u00f4nomo Municipal de La Paz<\/p>\n<\/li>\n<li>\n<p align=\"left\"><b>Miriam Isabel Hern\u00e1ndez Santos<\/b>, Associa\u00e7\u00e3o de Migrantes, Ind\u00edgenas e Refugiados de Foz do Igua\u00e7\u00fa<\/p>\n<\/li>\n<li>\n<p align=\"left\"><b>Edinalva Severo<\/b>, Secret\u00e1ria Municipal de Assist\u00eancia Social de Foz do Igua\u00e7u<\/p>\n<\/li>\n<li>\n<p align=\"left\"><b>Evey Johanna Hern\u00e1ndez Guti\u00e9rrez,<\/b> Funda\u00e7\u00e3o Atitude Produtiva para o Desenvolvimento TACTIVA<\/p>\n<\/li>\n<li>\n<p align=\"left\"><b>Viviana Arami Ruiz D\u00edaz Paniagua<\/b>, A Todo Pulm\u00f3n Paraguay Respira<\/p>\n<\/li>\n<li>\n<p align=\"left\"><b>Yeruti Fay Michalik<\/b>, Munic\u00edpio de Assun\u00e7\u00e3o<\/p>\n<\/li>\n<li>\n<p align=\"left\"><b>Silvia Cabrera<\/b>, Prefeitura de Canelones<\/p>\n<\/li>\n<li>\n<p align=\"left\"><b>Javier Enrique Romano Silva<\/b>, Faculdade de Psicologia, Universidade da Rep\u00fablica<\/p>\n<\/li>\n<li>\n<p align=\"left\"><b>Eugenio Bidondo Echeverr\u00eda<\/b>, Prefeitura Departamental de Flores<\/p>\n<\/li>\n<li>\n<p align=\"left\"><b>Irene Cuenca<\/b>, Munic\u00edpio de Assun\u00e7\u00e3o<\/p>\n<\/li>\n<li>\n<p align=\"left\"><b>Norma Gim\u00e9nez<\/b>, Munic\u00edpio de Assun\u00e7\u00e3o<\/p>\n<\/li>\n<li>\n<p align=\"left\"><b>\u00c1ngel Gabriel Ainciart<\/b>, Funda\u00e7\u00e3o Latino-Americana para o estudo da Diversidade e dos Transtornos da Inf\u00e2ncia<\/p>\n<\/li>\n<li>\n<p align=\"left\"><b>Luis Jos\u00e9 L\u00f3pez Arroyave<\/b>, Institui\u00e7\u00e3o Universit\u00e1ria Pascual Bravo<\/p>\n<\/li>\n<\/ul>\n<p align=\"left\">A forma\u00e7\u00e3o \u00e9 desenvolvida pelo Programa de Coopera\u00e7\u00e3o Sul Sul de Mercocidades, com o apoio do <a href=\"https:\/\/www.asuncion.gov.py\/\"><u>Munic\u00edpio de Assun\u00e7\u00e3o<\/u><\/a>, <a href=\"https:\/\/uclg.org\/es\/\"><u>Cidades e Governos Locais Unidos (CGLU)<\/u><\/a>, e da <a href=\"https:\/\/www.gub.uy\/agencia-uruguaya-cooperacion-internacional\/\"><u>Ag\u00eancia Uruguaia de Coopera\u00e7\u00e3o Internacional (AUCI)<\/u><\/a>.<\/p>\n<p align=\"left\">Acesse as <a href=\"https:\/\/sursurmercociudades.org\/wp-content\/uploads\/2024\/05\/Bases_18a-Capacitacion_Mercociudades-port_plazo2julio.pdf\"><u><b>bases da convocat\u00f3ria<\/b><\/u><\/a> para mais informa\u00e7\u00f5es ou entre em contato com innovacion.comunica@gmail.com.<\/p>\n<p>&nbsp;<\/p>\n<div id=\"sconnect-is-installed\" style=\"display: none;\">2.15.0.0<\/div>\n\n\n\n\t<div class=\"dkpdf-button-container\" style=\" text-align:right \">\n\n\t\t<a class=\"dkpdf-button\" href=\"\/pt-br\/wp-json\/wp\/v2\/posts\/10353?pdf=10353\" target=\"_blank\"><span class=\"dkpdf-button-icon\"><i class=\"fa fa-file-pdf-o\"><\/i><\/span> Descargar en PDF<\/a>\n\n\t<\/div>\n\n\n\n\n\n","protected":false},"excerpt":{"rendered":"<p>De 9 a 13 de setembro ser\u00e1 realizada a primeira etapa da 18\u00aa Capacita\u00e7\u00e3o em formula\u00e7\u00e3o de projetos regionais do Programa de Coopera\u00e7\u00e3o Sul Sul de Mercocidades, que ser\u00e1 presencial em Assun\u00e7\u00e3o, no Paraguai. Os participantes representam governos locais, institui\u00e7\u00f5es acad\u00eamicas e organiza\u00e7\u00f5es da sociedade civil da Argentina, Bol\u00edvia, Brasil, Col\u00f4mbia, Paraguai e Uruguai. Descargar [&#8230;]\n","protected":false},"author":804,"featured_media":10333,"comment_status":"closed","ping_status":"closed","sticky":false,"template":"","format":"standard","meta":{"footnotes":""},"categories":[78,90],"tags":[],"class_list":["post-10353","post","type-post","status-publish","format-standard","has-post-thumbnail","hentry","category-noticia","category-postulacion-capacitacion-en-formulacion-de-proyectos-pt-br"],"_links":{"self":[{"href":"https:\/\/sursurmercociudades.org\/pt-br\/wp-json\/wp\/v2\/posts\/10353","targetHints":{"allow":["GET"]}}],"collection":[{"href":"https:\/\/sursurmercociudades.org\/pt-br\/wp-json\/wp\/v2\/posts"}],"about":[{"href":"https:\/\/sursurmercociudades.org\/pt-br\/wp-json\/wp\/v2\/types\/post"}],"author":[{"embeddable":true,"href":"https:\/\/sursurmercociudades.org\/pt-br\/wp-json\/wp\/v2\/users\/804"}],"replies":[{"embeddable":true,"href":"https:\/\/sursurmercociudades.org\/pt-br\/wp-json\/wp\/v2\/comments?post=10353"}],"version-history":[{"count":1,"href":"https:\/\/sursurmercociudades.org\/pt-br\/wp-json\/wp\/v2\/posts\/10353\/revisions"}],"predecessor-version":[{"id":10354,"href":"https:\/\/sursurmercociudades.org\/pt-br\/wp-json\/wp\/v2\/posts\/10353\/revisions\/10354"}],"wp:featuredmedia":[{"embeddable":true,"href":"https:\/\/sursurmercociudades.org\/pt-br\/wp-json\/wp\/v2\/media\/10333"}],"wp:attachment":[{"href":"https:\/\/sursurmercociudades.org\/pt-br\/wp-json\/wp\/v2\/media?parent=10353"}],"wp:term":[{"taxonomy":"category","embeddable":true,"href":"https:\/\/sursurmercociudades.org\/pt-br\/wp-json\/wp\/v2\/categories?post=10353"},{"taxonomy":"post_tag","embeddable":true,"href":"https:\/\/sursurmercociudades.org\/pt-br\/wp-json\/wp\/v2\/tags?post=10353"}],"curies":[{"name":"wp","href":"https:\/\/api.w.org\/{rel}","templated":true}]}}