{"id":11208,"date":"2024-10-25T15:33:44","date_gmt":"2024-10-25T18:33:44","guid":{"rendered":"https:\/\/sursurmercociudades.org\/se-aplaza-periodo-de-postulaciones-7a-edicion-de-la-escuela-de-resiliencia-de-mercociudades\/"},"modified":"2024-10-27T14:49:29","modified_gmt":"2024-10-27T17:49:29","slug":"se-aplaza-periodo-de-postulaciones-7a-edicion-de-la-escuela-de-resiliencia-de-mercociudades","status":"publish","type":"post","link":"https:\/\/sursurmercociudades.org\/pt-br\/se-aplaza-periodo-de-postulaciones-7a-edicion-de-la-escuela-de-resiliencia-de-mercociudades\/","title":{"rendered":"Per\u00edodo de candidaturas adiado: 7\u00aa edi\u00e7\u00e3o da Escola de Resili\u00eancia de Mercocidades"},"content":{"rendered":"<p>O <a href=\"https:\/\/sursurmercociudades.org\/pt-br\/\">Programa de Coopera\u00e7\u00e3o Sul Sul de Mercocidades<\/a> e a <a href=\"https:\/\/resilientcitiesnetwork.org\/\">Rede de Cidades Resilientes<\/a> prorrogam o prazo de inscri\u00e7\u00e3o para participa\u00e7\u00e3o na Escola de Resili\u00eancia de Mercocidades at\u00e9 domingo, 3 de novembro inclusive. Os funcion\u00e1rios e funcion\u00e1rias do <a href=\"https:\/\/mercociudades.org\/pt-br\/cidades-membro\/\">governo local das \u201cmercocidades\u201d<\/a> est\u00e3o convidados a se inscrever neste treinamento presencial, com sede em Esteban Echeverr\u00eda, Argentina, de 2 a 4 de dezembro. O treinamento \u00e9 gratuito e cobre passagem a\u00e9rea internacional, hospedagem e alimenta\u00e7\u00e3o.<!--more--><\/p>\n<p>O objetivo da Escola de Resili\u00eancia Mercocidades \u00e9 fornecer ferramentas aos governos locais para melhorarem as suas estrat\u00e9gias de resili\u00eancia, com especial foco, desta vez, na transi\u00e7\u00e3o energ\u00e9tica e na infraestrutura urbana. O treinamento ser\u00e1 realizado em espanhol e n\u00e3o ser\u00e1 cobrada taxa de inscri\u00e7\u00e3o, nem os materiais necess\u00e1rios para a sua realiza\u00e7\u00e3o. Quem participar ter\u00e1 os custos de viagem internacional (fechado), hospedagem e alimenta\u00e7\u00e3o cobertos.<\/p>\n<p>Ser\u00e3o selecionadas at\u00e9 25 pessoas de cidades de Mercocidades. Os crit\u00e9rios de sele\u00e7\u00e3o s\u00e3o detalhados abaixo:<\/p>\n<p>\u2013 Equidade de g\u00eanero.<\/p>\n<p>\u2013 Distribui\u00e7\u00e3o regional das candidaturas, abrangendo a maior participa\u00e7\u00e3o de diferentes pa\u00edses.<\/p>\n<p>\u2013 Diversidade populacional das cidades participantes, buscando a participa\u00e7\u00e3o de representantes de cidades pequenas, m\u00e9dias e grandes.<\/p>\n<p>\u2013 Perfil do candidato e sua proximidade e experi\u00eancia com resili\u00eancia, planejamento estrat\u00e9gico e\/ou urbano, bem como gest\u00e3o de riscos.<\/p>\n<p>\u2013 Endosso da autoridade m\u00e1xima da institui\u00e7\u00e3o a que pertence. Com o compromisso expresso de avan\u00e7ar na incorpora\u00e7\u00e3o do planejamento na gest\u00e3o local para a constru\u00e7\u00e3o de uma estrat\u00e9gia de resili\u00eancia.<\/p>\n<p>\u2013 Identifica\u00e7\u00e3o clara do principal problema ou problemas que afetam o territ\u00f3rio, com base na informa\u00e7\u00e3o prestada no formul\u00e1rio de candidatura.<\/p>\n<p>\u2013 Ordem de chegada das candidaturas.<\/p>\n<p>&nbsp;<\/p>\n<p>Ap\u00f3s o t\u00e9rmino da Escola, seus participantes ter\u00e3o um prazo de 10 dias para enviar um projeto final. Esses trabalhos ser\u00e3o avaliados pela comiss\u00e3o de sele\u00e7\u00e3o da Escola, que escolher\u00e1 at\u00e9 tr\u00eas projetos que receber\u00e3o apoio para seu desenvolvimento por meio de assist\u00eancia t\u00e9cnica, troca de experi\u00eancias ou outros mecanismos. Ser\u00e1 entregue um certificado de participa\u00e7\u00e3o aos que completarem 100% de presen\u00e7a.<\/p>\n<p>A forma\u00e7\u00e3o conta com o apoio de diversas organiza\u00e7\u00f5es especializadas como colaboradoras: UNDRR, CAF, Youth Climate Action Fund, Cruz Vermelha Argentina e CEPAL, e \u00e9 realizada no \u00e2mbito da <a href=\"https:\/\/mercociudades.org\/pt-br\/inscripciones-abiertas-xxix-cumbre-mercociudades\/\">XXIX C\u00fapula de Mercocidades<\/a>, sediada em Esteban Echeverr\u00eda de 4 a 6 de dezembro.<\/p>\n<p>Para mais informa\u00e7\u00f5es acesse as <a href=\"https:\/\/mercociudades.org\/?attachment_id=47432\"><b>BASES<\/b><\/a>.<\/p>\n<p>Em caso de d\u00favidas, entre em contato pelo e-mail <a href=\"mailto:resiliencia@mercociudades.org\">resiliencia@mercociudades.org<\/a>.<\/p>\n<p>Acesse o <a href=\"https:\/\/sursurmercociudades.org\/pt-br\/formulario-de-candidatura-escola-de-resiliencia-mercociudades\/\">Formul\u00e1rio de Inscri\u00e7\u00e3o<\/a> (<b>importante<\/b>: para preencher o formul\u00e1rio \u00e9 necess\u00e1rio ter uma conta no site Sul Sul; caso n\u00e3o tenha, ao clicar no link do formul\u00e1rio aparecer\u00e1 a op\u00e7\u00e3o de cadastro). No formul\u00e1rio dever\u00e1 ser anexada uma <a href=\"https:\/\/mercociudades.org\/wp-content\/uploads\/2024\/10\/Carta_7aescuela_resiliencia2024.doc\">carta de endosso institucional<\/a> assinada pela autoridade m\u00e1xima do governo local que se candidata.<\/p>\n\n\n\n\t<div class=\"dkpdf-button-container\" style=\" text-align:right \">\n\n\t\t<a class=\"dkpdf-button\" href=\"\/pt-br\/wp-json\/wp\/v2\/posts\/11208?pdf=11208\" target=\"_blank\"><span class=\"dkpdf-button-icon\"><i class=\"fa fa-file-pdf-o\"><\/i><\/span> Descargar en PDF<\/a>\n\n\t<\/div>\n\n\n\n\n\n","protected":false},"excerpt":{"rendered":"<p>O Programa de Coopera\u00e7\u00e3o Sul Sul de Mercocidades e a Rede de Cidades Resilientes prorrogam o prazo de inscri\u00e7\u00e3o para participa\u00e7\u00e3o na Escola de Resili\u00eancia de Mercocidades at\u00e9 domingo, 3 de novembro inclusive. Os funcion\u00e1rios e funcion\u00e1rias do governo local das \u201cmercocidades\u201d est\u00e3o convidados a se inscrever neste treinamento presencial, com sede em Esteban Echeverr\u00eda, [&#8230;]\n","protected":false},"author":804,"featured_media":11206,"comment_status":"closed","ping_status":"closed","sticky":false,"template":"","format":"standard","meta":{"footnotes":""},"categories":[88,78],"tags":[],"class_list":["post-11208","post","type-post","status-publish","format-standard","has-post-thumbnail","hentry","category-escuela-de-resiliencia-de-mercociudades-pt-br","category-noticia"],"_links":{"self":[{"href":"https:\/\/sursurmercociudades.org\/pt-br\/wp-json\/wp\/v2\/posts\/11208","targetHints":{"allow":["GET"]}}],"collection":[{"href":"https:\/\/sursurmercociudades.org\/pt-br\/wp-json\/wp\/v2\/posts"}],"about":[{"href":"https:\/\/sursurmercociudades.org\/pt-br\/wp-json\/wp\/v2\/types\/post"}],"author":[{"embeddable":true,"href":"https:\/\/sursurmercociudades.org\/pt-br\/wp-json\/wp\/v2\/users\/804"}],"replies":[{"embeddable":true,"href":"https:\/\/sursurmercociudades.org\/pt-br\/wp-json\/wp\/v2\/comments?post=11208"}],"version-history":[{"count":2,"href":"https:\/\/sursurmercociudades.org\/pt-br\/wp-json\/wp\/v2\/posts\/11208\/revisions"}],"predecessor-version":[{"id":11233,"href":"https:\/\/sursurmercociudades.org\/pt-br\/wp-json\/wp\/v2\/posts\/11208\/revisions\/11233"}],"wp:featuredmedia":[{"embeddable":true,"href":"https:\/\/sursurmercociudades.org\/pt-br\/wp-json\/wp\/v2\/media\/11206"}],"wp:attachment":[{"href":"https:\/\/sursurmercociudades.org\/pt-br\/wp-json\/wp\/v2\/media?parent=11208"}],"wp:term":[{"taxonomy":"category","embeddable":true,"href":"https:\/\/sursurmercociudades.org\/pt-br\/wp-json\/wp\/v2\/categories?post=11208"},{"taxonomy":"post_tag","embeddable":true,"href":"https:\/\/sursurmercociudades.org\/pt-br\/wp-json\/wp\/v2\/tags?post=11208"}],"curies":[{"name":"wp","href":"https:\/\/api.w.org\/{rel}","templated":true}]}}