{"id":11407,"date":"2024-11-22T14:03:49","date_gmt":"2024-11-22T17:03:49","guid":{"rendered":"https:\/\/sursurmercociudades.org\/esteban-echeverria-sera-sede-del-evento-anual-de-la-escuela-de-resiliencia\/"},"modified":"2024-11-24T16:49:22","modified_gmt":"2024-11-24T19:49:22","slug":"esteban-echeverria-sera-sede-del-evento-anual-de-la-escuela-de-resiliencia","status":"publish","type":"post","link":"https:\/\/sursurmercociudades.org\/pt-br\/esteban-echeverria-sera-sede-del-evento-anual-de-la-escuela-de-resiliencia\/","title":{"rendered":"Esteban Echeverr\u00eda ser\u00e1 o anfitri\u00e3o do evento anual da Escola de Resili\u00eancia"},"content":{"rendered":"<p>De 2 a 4 de dezembro, em Esteban Echeverr\u00eda, Argentina, ser\u00e1 realizada a 7\u00aa edi\u00e7\u00e3o da Escola de Resili\u00eancia do Programa de Coopera\u00e7\u00e3o Sul-Sul da Mercocidades, sob o lema \u201cTransi\u00e7\u00e3o energ\u00e9tica e infraestrutura urbana para cidades resilientes\u201d. Participar\u00e3o do treinamento 25 representantes da Argentina, Bol\u00edvia, Brasil, Chile, Col\u00f4mbia, Equador, M\u00e9xico, Paraguai, Peru, Uruguai e Venezuela.<!--more--><\/p>\n<p>Durante o treinamento, representantes da Rede Mundial de Cidades Resilientes oferecer\u00e3o seus conhecimentos. A escola contar\u00e1 com pain\u00e9is de especialistas relacionados ao tema, entre eles pertencentes \u00e0 Cruz Vermelha Argentina, sede que abrigar\u00e1 a Escola de Resili\u00eancia em Esteban Echeverr\u00eda.<\/p>\n<p>Al\u00e9m disso, destaca-se uma visita t\u00e9cnica ao Centro de Monitoramento do Munic\u00edpio de Esteban Echeverr\u00eda com autoridades locais e convidados especiais.<\/p>\n<p>Ap\u00f3s o t\u00e9rmino da Escola, seus participantes ter\u00e3o um prazo de 10 dias para o envio de um projeto final. Esses trabalhos ser\u00e3o avaliados pela comiss\u00e3o de sele\u00e7\u00e3o que escolher\u00e1 at\u00e9 tr\u00eas casos que receber\u00e3o apoio (passagem internacional com datas fechadas de viagem e hospedagem nos dias do interc\u00e2mbio) para seu fortalecimento por meio de assist\u00eancia t\u00e9cnica e\/ou troca de experi\u00eancias em cidades da Am\u00e9rica Latina.<\/p>\n<p>A escola de resili\u00eancia faz parte do Programa de Coopera\u00e7\u00e3o Sul Sul de Mercocidades. Organizam e convocam Mercocidades e a <a href=\"https:\/\/resilientcitiesnetwork.org\/\">Rede de Cidades Resilientes<\/a>.<\/p>\n<p>Abaixo est\u00e1 a lista de pessoas selecionadas.<\/p>\n<p><b>Da Argentina:<\/b><\/p>\n<ul>\n<li aria-level=\"1\">Paula Schurrer, de Ceres<\/li>\n<li aria-level=\"1\">Silvina Andrea Monaco e Valeria Andrea Capotorto, de R\u00edo Grande<\/li>\n<li aria-level=\"1\">Daniel Gonzalo Ratner, de Rosario<\/li>\n<\/ul>\n<p><b>Da Bolivia:<\/b><\/p>\n<ul>\n<li aria-level=\"1\">Diego Antonio Veliz Hinojosa e Juan Pablo Saavedra Badani, de La Paz<\/li>\n<\/ul>\n<p><b>Do Brasil:<\/b><\/p>\n<ul>\n<li aria-level=\"1\">Rafael Lopez Andreotti, de Jundia\u00ed<\/li>\n<li aria-level=\"1\">Eric Almeida de Oliveira, de Niter\u00f3i<\/li>\n<li aria-level=\"1\">Ol\u00edvia Trevisani Bertolini Monteiro, de Porto Alegre<\/li>\n<li aria-level=\"1\">Sandro Luis Della Mea Lima, de S\u00e3o Leopoldo<\/li>\n<li aria-level=\"1\">D\u00e9bora Tellini, de S\u00e3o Paulo<\/li>\n<\/ul>\n<p><b>Do Chile:<\/b><\/p>\n<ul>\n<li aria-level=\"1\">Augusto Felipe Schweizer R\u00edos, de Pe\u00f1alol\u00e9n<\/li>\n<li aria-level=\"1\">Mar\u00eda Paz Neira Garrido, de Rancagua<\/li>\n<li aria-level=\"1\">Aranka Scherping Alarc\u00f3n, de Santiago do Chile<\/li>\n<\/ul>\n<p><b>Da Colombia:<\/b><\/p>\n<ul>\n<li aria-level=\"1\">Diego Fernando Pe\u00f1a L\u00f3pez, de Medell\u00edn<\/li>\n<\/ul>\n<p><b>Do Equador:<\/b><\/p>\n<ul>\n<li aria-level=\"1\">Mayra Jannina Godoy Quezada e Jonathan Mauricio Aguilar Sig\u00fcenza, de Nab\u00f3n<\/li>\n<\/ul>\n<p><b>Do M\u00e9xico:<\/b><\/p>\n<ul>\n<li aria-level=\"1\">Ignacio Hierro G\u00f3mez, de General Escobedo<\/li>\n<\/ul>\n<p><b>Do Paraguai:<\/b><\/p>\n<ul>\n<li aria-level=\"1\">Marco Arturo Borne Torres, de Assun\u00e7\u00e3o<\/li>\n<li aria-level=\"1\">Luis Alberto Valiente Escurra, de Lambar\u00e9<\/li>\n<\/ul>\n<p><b>Do Per\u00fa:<\/b><\/p>\n<ul>\n<li aria-level=\"1\">Maritza Adela Gonz\u00e1les Polo, de Lima<\/li>\n<\/ul>\n<p><b>Da Venezuela:<\/b><\/p>\n<ul>\n<li aria-level=\"1\">Nelson Ismael P\u00e9rez Rend\u00f3n, de Marcano<\/li>\n<\/ul>\n<p><b>Do Uruguai:<\/b><\/p>\n<ul>\n<li aria-level=\"1\">Cathrina Umpierrez Casas e Sof\u00eda Macarena N\u00fa\u00f1ez Calero, de Canelones<\/li>\n<li aria-level=\"1\">Mat\u00edas Hern\u00e1ndez, de San Jos\u00e9<\/li>\n<\/ul>\n<p>Em caso de d\u00favidas escreva para <a href=\"mailto:resiliencia@mercociudades.org\">resiliencia@mercociudades.org<\/a>.<\/p>\n\n\n\n\t<div class=\"dkpdf-button-container\" style=\" text-align:right \">\n\n\t\t<a class=\"dkpdf-button\" href=\"\/pt-br\/wp-json\/wp\/v2\/posts\/11407?pdf=11407\" target=\"_blank\"><span class=\"dkpdf-button-icon\"><i class=\"fa fa-file-pdf-o\"><\/i><\/span> Descargar en PDF<\/a>\n\n\t<\/div>\n\n\n\n\n\n","protected":false},"excerpt":{"rendered":"<p>De 2 a 4 de dezembro, em Esteban Echeverr\u00eda, Argentina, ser\u00e1 realizada a 7\u00aa edi\u00e7\u00e3o da Escola de Resili\u00eancia do Programa de Coopera\u00e7\u00e3o Sul-Sul da Mercocidades, sob o lema \u201cTransi\u00e7\u00e3o energ\u00e9tica e infraestrutura urbana para cidades resilientes\u201d. Participar\u00e3o do treinamento 25 representantes da Argentina, Bol\u00edvia, Brasil, Chile, Col\u00f4mbia, Equador, M\u00e9xico, Paraguai, Peru, Uruguai e Venezuela. [&#8230;]\n","protected":false},"author":804,"featured_media":11403,"comment_status":"closed","ping_status":"closed","sticky":false,"template":"","format":"standard","meta":{"footnotes":""},"categories":[88,77,78],"tags":[92],"class_list":["post-11407","post","type-post","status-publish","format-standard","has-post-thumbnail","hentry","category-escuela-de-resiliencia-de-mercociudades-pt-br","category-nao-categorizado","category-noticia","tag-escuela-de-resiliencia-pt-br"],"_links":{"self":[{"href":"https:\/\/sursurmercociudades.org\/pt-br\/wp-json\/wp\/v2\/posts\/11407","targetHints":{"allow":["GET"]}}],"collection":[{"href":"https:\/\/sursurmercociudades.org\/pt-br\/wp-json\/wp\/v2\/posts"}],"about":[{"href":"https:\/\/sursurmercociudades.org\/pt-br\/wp-json\/wp\/v2\/types\/post"}],"author":[{"embeddable":true,"href":"https:\/\/sursurmercociudades.org\/pt-br\/wp-json\/wp\/v2\/users\/804"}],"replies":[{"embeddable":true,"href":"https:\/\/sursurmercociudades.org\/pt-br\/wp-json\/wp\/v2\/comments?post=11407"}],"version-history":[{"count":2,"href":"https:\/\/sursurmercociudades.org\/pt-br\/wp-json\/wp\/v2\/posts\/11407\/revisions"}],"predecessor-version":[{"id":11408,"href":"https:\/\/sursurmercociudades.org\/pt-br\/wp-json\/wp\/v2\/posts\/11407\/revisions\/11408"}],"wp:featuredmedia":[{"embeddable":true,"href":"https:\/\/sursurmercociudades.org\/pt-br\/wp-json\/wp\/v2\/media\/11403"}],"wp:attachment":[{"href":"https:\/\/sursurmercociudades.org\/pt-br\/wp-json\/wp\/v2\/media?parent=11407"}],"wp:term":[{"taxonomy":"category","embeddable":true,"href":"https:\/\/sursurmercociudades.org\/pt-br\/wp-json\/wp\/v2\/categories?post=11407"},{"taxonomy":"post_tag","embeddable":true,"href":"https:\/\/sursurmercociudades.org\/pt-br\/wp-json\/wp\/v2\/tags?post=11407"}],"curies":[{"name":"wp","href":"https:\/\/api.w.org\/{rel}","templated":true}]}}