{"id":2709,"date":"2019-06-26T13:50:29","date_gmt":"2019-06-26T16:50:29","guid":{"rendered":"https:\/\/sursurmercociudades.org\/mercociudades-confirma-participantes-para-la-13a-capacitacion-regional\/"},"modified":"2024-08-22T11:14:46","modified_gmt":"2024-08-22T14:14:46","slug":"mercociudades-confirma-participantes-para-la-13a-capacitacion-regional","status":"publish","type":"post","link":"https:\/\/sursurmercociudades.org\/pt-br\/mercociudades-confirma-participantes-para-la-13a-capacitacion-regional\/","title":{"rendered":"Mercociudades confirma participantes para la 13\u00aa Capacitaci\u00f3n Regional"},"content":{"rendered":"<p>18 participantes de localidades de Argentina, Brasil, Bolivia, Paraguay y Uruguay, asistir\u00e1n a la Capacitaci\u00f3n regional de Mercociudades para la formulaci\u00f3n de proyectos. El curso tendr\u00e1 una etapa presencial en Asunci\u00f3n, del 12 al 16 de agosto.<!--more--><\/p>\n<p>Del total de participantes, 10 representan a gobiernos locales, 4 a organizaciones de la sociedad civil y 4 a instituciones acad\u00e9micas universitarias. Para la selecci\u00f3n final se tom\u00f3 en cuenta la experiencia de la persona postulada y la pertinencia de las ideas de proyectos.<\/p>\n<p>Las propuestas presentadas abordan transversalmente muy diversas tem\u00e1ticas; entre las que se destacan: ambiente, cultura, desarrollo sostenible, educaci\u00f3n, econom\u00eda social solidaria, g\u00e9nero y turismo.<\/p>\n<p>Adem\u00e1s de la capacitaci\u00f3n presencial en Asunci\u00f3n, con los gastos de alojamiento, manutenci\u00f3n, traslados internos pagos y la entrega de todos los materiales de trabajo sin costo, quienes participen se beneficiar\u00e1n de un asesoramiento virtual posterior a la capacitaci\u00f3n presencial que les permitir\u00e1 alcanzar una versi\u00f3n definitiva de su proyecto.<\/p>\n<p>Del total de iniciativas formuladas, se seleccionar\u00e1n hasta tres que contar\u00e1n con el financiamiento de su participaci\u00f3n en la XXIV Cumbre de Mercociudades, a realizarse en noviembre de 2019 en la ciudad de Asunci\u00f3n, Paraguay<\/p>\n<p>A continuaci\u00f3n, el listado de las personas seleccionadas,<\/p>\n<p><strong>De Argentina:<\/strong><\/p>\n<p>Liana Teresa Sabbatella, C\u00e1mara Argentina de Empresarios Culturales-Econom\u00eda Argentina<\/p>\n<p>Franco Domingo Mor\u00e1n, Universidad Nacional de C\u00f3rdoba<\/p>\n<p>Carina Paola Lucero, Municipalidad de General Alvear<\/p>\n<p>Pablo Sebasti\u00e1n Roz\u00e1n Guibaud, Municipio de Hurlingham<\/p>\n<p>Guillermina Cipriano Pi\u00f1eiro, Municipalidad de Quilmes<\/p>\n<p>Noelia Elina Montero, Latinoam\u00e9rica Habla<\/p>\n<p>Juan Manuel Iocca, Municipalidad de Tandil<\/p>\n<p><strong>De Bolivia: <\/strong><\/p>\n<p>Ronald Omar Siles Ticona. Gobierno Aut\u00f3nomo Municipal de La Paz<\/p>\n<p>Miguel Vicente Alfaro Motesinos, Papelbol<\/p>\n<p>Maria Cristina Garr\u00f3n Barrero, Gobierno Aut\u00f3nomo Municipal de La Paz<\/p>\n<p>Daniel Calder\u00f3n Barriga, Gobierno Aut\u00f3nomo Municipal de La Paz<\/p>\n<p>Guillermo Torrez Amado, Universidad Mayor Real y Pontificia de San Francisco Xavier de Chuquisaca<\/p>\n<p><strong>De Brasil: <\/strong><\/p>\n<p>Michele Dacas, Universidad Federal de la Integraci\u00f3n Latinoamericana (UNILA)<\/p>\n<p>Jari Mauricio da Rocha, Prefeitura Municipal de S\u00e3o Leopoldo<\/p>\n<p><strong>De Paraguay:<\/strong><\/p>\n<p>Marcelo Jos\u00e9 Morinigo Rojas, Universidad Nacional del Este<\/p>\n<p><strong>De Uruguay:<\/strong><\/p>\n<p>Mar\u00eda Natalia D\u00edaz Kopec, organizaci\u00f3n social \u201cLa casa del hornero\u201d, Maldonado<\/p>\n<p>Mariana Gissel Barboza S\u00e1nchez, Intendencia de Canelones<\/p>\n<p>Jos\u00e9 Gervasio Mart\u00ednez Rodr\u00edguez, Intendencia de Florida<\/p>\n\n\n\n\t<div class=\"dkpdf-button-container\" style=\" text-align:right \">\n\n\t\t<a class=\"dkpdf-button\" href=\"\/pt-br\/wp-json\/wp\/v2\/posts\/2709?pdf=2709\" target=\"_blank\"><span class=\"dkpdf-button-icon\"><i class=\"fa fa-file-pdf-o\"><\/i><\/span> Descargar en PDF<\/a>\n\n\t<\/div>\n\n\n\n\n\n","protected":false},"excerpt":{"rendered":"<p>18 participantes de localidades de Argentina, Brasil, Bolivia, Paraguay y Uruguay, asistir\u00e1n a la Capacitaci\u00f3n regional de Mercociudades para la formulaci\u00f3n de proyectos. El curso tendr\u00e1 una etapa presencial en Asunci\u00f3n, del 12 al 16 de agosto. Descargar en PDF<\/p>\n","protected":false},"author":804,"featured_media":2707,"comment_status":"closed","ping_status":"closed","sticky":false,"template":"","format":"standard","meta":{"footnotes":""},"categories":[78],"tags":[],"class_list":["post-2709","post","type-post","status-publish","format-standard","has-post-thumbnail","hentry","category-noticia"],"_links":{"self":[{"href":"https:\/\/sursurmercociudades.org\/pt-br\/wp-json\/wp\/v2\/posts\/2709","targetHints":{"allow":["GET"]}}],"collection":[{"href":"https:\/\/sursurmercociudades.org\/pt-br\/wp-json\/wp\/v2\/posts"}],"about":[{"href":"https:\/\/sursurmercociudades.org\/pt-br\/wp-json\/wp\/v2\/types\/post"}],"author":[{"embeddable":true,"href":"https:\/\/sursurmercociudades.org\/pt-br\/wp-json\/wp\/v2\/users\/804"}],"replies":[{"embeddable":true,"href":"https:\/\/sursurmercociudades.org\/pt-br\/wp-json\/wp\/v2\/comments?post=2709"}],"version-history":[{"count":1,"href":"https:\/\/sursurmercociudades.org\/pt-br\/wp-json\/wp\/v2\/posts\/2709\/revisions"}],"predecessor-version":[{"id":2710,"href":"https:\/\/sursurmercociudades.org\/pt-br\/wp-json\/wp\/v2\/posts\/2709\/revisions\/2710"}],"wp:featuredmedia":[{"embeddable":true,"href":"https:\/\/sursurmercociudades.org\/pt-br\/wp-json\/wp\/v2\/media\/2707"}],"wp:attachment":[{"href":"https:\/\/sursurmercociudades.org\/pt-br\/wp-json\/wp\/v2\/media?parent=2709"}],"wp:term":[{"taxonomy":"category","embeddable":true,"href":"https:\/\/sursurmercociudades.org\/pt-br\/wp-json\/wp\/v2\/categories?post=2709"},{"taxonomy":"post_tag","embeddable":true,"href":"https:\/\/sursurmercociudades.org\/pt-br\/wp-json\/wp\/v2\/tags?post=2709"}],"curies":[{"name":"wp","href":"https:\/\/api.w.org\/{rel}","templated":true}]}}