{"id":2780,"date":"2021-09-04T13:01:14","date_gmt":"2021-09-04T16:01:14","guid":{"rendered":"https:\/\/sursurmercociudades.org\/ciudades-de-la-region-formularan-proyectos-con-el-apoyo-del-programa-sur-sur-de-mercociudades\/"},"modified":"2024-08-22T11:11:51","modified_gmt":"2024-08-22T14:11:51","slug":"ciudades-de-la-region-formularan-proyectos-con-el-apoyo-del-programa-sur-sur-de-mercociudades","status":"publish","type":"post","link":"https:\/\/sursurmercociudades.org\/pt-br\/ciudades-de-la-region-formularan-proyectos-con-el-apoyo-del-programa-sur-sur-de-mercociudades\/","title":{"rendered":"Cidades da regi\u00e3o formular\u00e3o projetos com apoio do Programa Sul Sul de Mercocidades"},"content":{"rendered":"<div class=\"post-content\">\n<p><span style=\"font-weight: 400;\">23 participantes de cidades da Argentina, Bol\u00edvia, Brasil, Chile, Col\u00f4mbia e Uruguai iniciaram ontem (2 de setembro) a 15\u00aa Capacita\u00e7\u00e3o Regional de Mercocidades para a formula\u00e7\u00e3o de projetos. A abertura foi feita pelo presidente das Mercocidades, prefeito de Tandil, Miguel Lunghi, e pela secret\u00e1ria geral da rede mundial Cidades e Governos Locais Unidos, Emilia Saiz. Cada participante traz consigo uma proposta de projeto que formular\u00e1 ao longo de um m\u00eas e meio de aconselhamento e assist\u00eancia.<\/span><\/p>\n<\/div>\n<p><!--more--><\/p>\n<p><span style=\"font-weight: 400;\">Durante o seu discurso, Lunghi referiu-se aos desafios que o dif\u00edcil contexto da pandemia tem significado para a regi\u00e3o e para as Mercocidades, e enfatizou a necessidade de continuar trabalhando para a profissionaliza\u00e7\u00e3o das equipes de trabalho nas nossas cidades. Com vistas a enfrentar os desafios contempor\u00e2neos das grandes, m\u00e9dias e pequenas cidades de nossa regi\u00e3o, por meio de ferramentas de forma\u00e7\u00e3o como esta, oferecida pelo Programa de Coopera\u00e7\u00e3o Sul-Sul de Mercocidades.<\/span><\/p>\n<p><span style=\"font-weight: 400;\">Por seu lado, Emilia Saiz, celebrou o lema desta forma\u00e7\u00e3o, que vai girar em torno do conceito de &#8220;Gest\u00e3o Associada para o Desenvolvimento Sustent\u00e1vel&#8221;, considerando-o uma ferramenta necess\u00e1ria para trabalhar nos nossos territ\u00f3rios. Ao mesmo tempo, destacou a import\u00e2ncia de oferecer solu\u00e7\u00f5es para os problemas de nossas cidades, enfatizando solu\u00e7\u00f5es baseadas e inspiradas na natureza, numa vis\u00e3o solid\u00e1ria com o meio ambiente.<\/span><\/p>\n<p><span style=\"font-weight: 400;\">Do total de participantes, 18 representam governos locais, 3 organiza\u00e7\u00f5es da sociedade civil e 2 institui\u00e7\u00f5es acad\u00eamicas universit\u00e1rias. Para a sele\u00e7\u00e3o final, foram levadas em considera\u00e7\u00e3o a experi\u00eancia do candidato e a relev\u00e2ncia das ideias do projeto.<\/span><\/p>\n<p><span style=\"font-weight: 400;\">As ideias de projetos apresentadas pelos participantes enquadram-se no eixo central desta edi\u00e7\u00e3o \u201cGest\u00e3o associada como pilar do desenvolvimento sustent\u00e1vel nas cidades\u201d e abordam transversalmente temas muito diversos: como o ambiente, igualdade de g\u00e9nero, sa\u00fade, desenvolvimento urbano sustent\u00e1vel , mobilidade, educa\u00e7\u00e3o, inclus\u00e3o social, integra\u00e7\u00e3o fronteiri\u00e7a, cultura, turismo sustent\u00e1vel, economia solid\u00e1ria, viol\u00eancia de g\u00eanero, inova\u00e7\u00e3o e participa\u00e7\u00e3o cidad\u00e3.<\/span><\/p>\n<p><span style=\"font-weight: 400;\">Al\u00e9m do treinamento virtual a ser realizado de 2 de setembro a 15 de outubro de 2021, 3 das pessoas e institui\u00e7\u00f5es que conclu\u00edram a participa\u00e7\u00e3o nas salas de aula e a formula\u00e7\u00e3o final de seus projetos, ser\u00e3o selecionadas para realizar uma visita t\u00e9cnica totalmente financiada (passagem a\u00e9rea e hospedagem), a uma experi\u00eancia semelhante \u00e0 iniciativa proposta, em uma cidade integrante da Rede ou a uma atividade desenvolvida pela Mercocidades no ano de 2021.<\/span><\/p>\n<p><span style=\"font-weight: 400;\">Os tr\u00eas projetos ser\u00e3o anunciados durante a atividade de encerramento do treinamento, no marco da celebra\u00e7\u00e3o da 26\u00aa C\u00fapula de Mercocidades, na cidade de Esteban Echeverr\u00eda, Argentina. Os e as participantes que tenham atingido um m\u00ednimo de 80% de presen\u00e7as, a entrega das tarefas atribu\u00eddas e a formula\u00e7\u00e3o final dos seus projetos, podem assistir \u00e0 atividade com os gastos de hospedagem e alimenta\u00e7\u00e3o (mas n\u00e3o o bilhete internacional) cobertos.<\/span><\/p>\n<p><span style=\"font-weight: 400;\">Segue abaixo a lista das pessoas selecionadas:<\/span><\/p>\n<p><strong>Da Argentina<\/strong><\/p>\n<p><span style=\"font-weight: 400;\">Florencia Villafa\u00f1e, Municipalidad de Yerba Buena<\/span><\/p>\n<p><span style=\"font-weight: 400;\">Silvia Rosana Villalba, Municipalidad de Avellaneda<\/span><\/p>\n<p><span style=\"font-weight: 400;\">M\u00e1ximo Deym, Fundaci\u00f3n Rio Cuarto para el Desarrollo Local y Regional<\/span><\/p>\n<p><span style=\"font-weight: 400;\">Germ\u00e1n Andr\u00e9s Di Bella, Municipalidad de Rio Cuarto<\/span><\/p>\n<p><span style=\"font-weight: 400;\">Josefina Ocampo, Universidad Nacional de Tucum\u00e1n<\/span><\/p>\n<p><span style=\"font-weight: 400;\">Lucrecia Elizabet Lodi, Municipalidad de San Justo<\/span><\/p>\n<p><span style=\"font-weight: 400;\">Germ\u00e1n Alberto Forti, Municipio de Esteban Echeverr\u00eda<\/span><\/p>\n<p><span style=\"font-weight: 400;\">Paola Evangelina Zarate, Municipalidad de Carcara\u00f1a-Funes<\/span><\/p>\n<p><span style=\"font-weight: 400;\">Elizabeth Gallucci, Municipalidad de Quilmes<\/span><\/p>\n<p><span style=\"font-weight: 400;\">Pablo Descarga Viruleg, Universidad Nacional del Noroeste de la Provincia de Buenos Aires<\/span><\/p>\n<p><span style=\"font-weight: 400;\">Roc\u00edo Milagros Renna, Municipalidad de Villa Mar\u00eda<\/span><\/p>\n<p><span style=\"font-weight: 400;\">Mar\u00eda de los Milagros Brun, Municipalidad de Santa Fe<\/span><\/p>\n<p><span style=\"font-weight: 400;\">Maria Elena Marc, AAGeGU Asociaci\u00f3n Argentina de Gestores Culturales Universitarios<\/span><\/p>\n<p><span style=\"font-weight: 400;\">Carlos Javier Cardozo, Municipalidad de Esperanza<\/span><\/p>\n<p><strong>Da Bolivia<\/strong><\/p>\n<p><span style=\"font-weight: 400;\">Freddy Acebey Quiroga, Gobierno Aut\u00f3nomo Municipal de La Paz<\/span><\/p>\n<p><span style=\"font-weight: 400;\">Beatriz Ximena Espinoza Jauregui, Gobierno Aut\u00f3nomo Municipal de La Paz<\/span><\/p>\n<p><strong>Do Brasil<\/strong><\/p>\n<p><span style=\"font-weight: 400;\">Juliana Machado Coelho, Secretaria de Desenvolvimento Urbano e Habita\u00e7\u00e3o \u2013 Seduh, Brasilia<\/span><\/p>\n<p><span style=\"font-weight: 400;\">Giorgia Araujo da Costa Val, Prefeitura de Belo Horizonte<\/span><\/p>\n<p><strong>Do Chile<\/strong><\/p>\n<p><span style=\"font-weight: 400;\">M\u00f3nica de las Mercedes Palma Vergara, Asociaci\u00f3n Civil Corporaci\u00f3n Patrimonio y Paisaje<\/span><\/p>\n<p><span style=\"font-weight: 400;\">Mar\u00eda Ignacia Banda C\u00e1rcamo, Municipalidad de Valpara\u00edso<\/span><\/p>\n<p><strong>Da Colombia<\/strong><\/p>\n<p><span style=\"font-weight: 400;\">Mar\u00eda Clara Trujillo P\u00e9rez, Alcald\u00eda de Medell\u00edn<\/span><\/p>\n<p><span style=\"font-weight: 400;\">Henderson Alberto L\u00f3pez Orozco, Alcald\u00eda de Medell\u00edn<\/span><\/p>\n<p><strong>Do Uruguay<\/strong><\/p>\n<p><span style=\"font-weight: 400;\">Jos\u00e9 Eduardo Robatti Clavijo, Centro de Formaci\u00f3n para la Integraci\u00f3n Regional (CEFIR), Montevideo<\/span><\/p>\n<p>&nbsp;<\/p>\n<p><span style=\"font-weight: 400;\">Saiba mais sobre o <\/span><a href=\"https:\/\/sursurmercociudades.org\/\"><span style=\"font-weight: 400;\">Programa de Coopera\u00e7\u00e3o Sul-Sul Mercocidades <\/span><\/a><span style=\"font-weight: 400;\">e suas chamadas e novidades.<\/span><\/p>\n<p>&nbsp;<\/p>\n<p>&nbsp;<\/p>\n\n\n\n\t<div class=\"dkpdf-button-container\" style=\" text-align:right \">\n\n\t\t<a class=\"dkpdf-button\" href=\"\/pt-br\/wp-json\/wp\/v2\/posts\/2780?pdf=2780\" target=\"_blank\"><span class=\"dkpdf-button-icon\"><i class=\"fa fa-file-pdf-o\"><\/i><\/span> Descargar en PDF<\/a>\n\n\t<\/div>\n\n\n\n\n\n","protected":false},"excerpt":{"rendered":"<p>23 participantes de cidades da Argentina, Bol\u00edvia, Brasil, Chile, Col\u00f4mbia e Uruguai iniciaram ontem (2 de setembro) a 15\u00aa Capacita\u00e7\u00e3o Regional de Mercocidades para a formula\u00e7\u00e3o de projetos. A abertura foi feita pelo presidente das Mercocidades, prefeito de Tandil, Miguel Lunghi, e pela secret\u00e1ria geral da rede mundial Cidades e Governos Locais Unidos, Emilia Saiz. [&#8230;]\n","protected":false},"author":804,"featured_media":3691,"comment_status":"closed","ping_status":"closed","sticky":false,"template":"","format":"standard","meta":{"footnotes":""},"categories":[78],"tags":[],"class_list":["post-2780","post","type-post","status-publish","format-standard","has-post-thumbnail","hentry","category-noticia"],"_links":{"self":[{"href":"https:\/\/sursurmercociudades.org\/pt-br\/wp-json\/wp\/v2\/posts\/2780","targetHints":{"allow":["GET"]}}],"collection":[{"href":"https:\/\/sursurmercociudades.org\/pt-br\/wp-json\/wp\/v2\/posts"}],"about":[{"href":"https:\/\/sursurmercociudades.org\/pt-br\/wp-json\/wp\/v2\/types\/post"}],"author":[{"embeddable":true,"href":"https:\/\/sursurmercociudades.org\/pt-br\/wp-json\/wp\/v2\/users\/804"}],"replies":[{"embeddable":true,"href":"https:\/\/sursurmercociudades.org\/pt-br\/wp-json\/wp\/v2\/comments?post=2780"}],"version-history":[{"count":5,"href":"https:\/\/sursurmercociudades.org\/pt-br\/wp-json\/wp\/v2\/posts\/2780\/revisions"}],"predecessor-version":[{"id":6049,"href":"https:\/\/sursurmercociudades.org\/pt-br\/wp-json\/wp\/v2\/posts\/2780\/revisions\/6049"}],"wp:featuredmedia":[{"embeddable":true,"href":"https:\/\/sursurmercociudades.org\/pt-br\/wp-json\/wp\/v2\/media\/3691"}],"wp:attachment":[{"href":"https:\/\/sursurmercociudades.org\/pt-br\/wp-json\/wp\/v2\/media?parent=2780"}],"wp:term":[{"taxonomy":"category","embeddable":true,"href":"https:\/\/sursurmercociudades.org\/pt-br\/wp-json\/wp\/v2\/categories?post=2780"},{"taxonomy":"post_tag","embeddable":true,"href":"https:\/\/sursurmercociudades.org\/pt-br\/wp-json\/wp\/v2\/tags?post=2780"}],"curies":[{"name":"wp","href":"https:\/\/api.w.org\/{rel}","templated":true}]}}