{"id":3073,"date":"2016-10-26T09:18:46","date_gmt":"2016-10-26T12:18:46","guid":{"rendered":"https:\/\/sursurmercociudades.org\/?p=3073"},"modified":"2024-08-22T11:12:57","modified_gmt":"2024-08-22T14:12:57","slug":"in-distingue-a-tres-projetos-resultantes-da-nona-capacitacao-regional-de-mercocidades","status":"publish","type":"post","link":"https:\/\/sursurmercociudades.org\/pt-br\/in-distingue-a-tres-projetos-resultantes-da-nona-capacitacao-regional-de-mercocidades\/","title":{"rendered":"IN distingue a tr\u00eas projetos resultantes da Nona Capacita\u00e7\u00e3o Regional de Mercocidades"},"content":{"rendered":"<p>26\/10\/2016<\/p>\n<p>Depois de quatro meses de capacita\u00e7\u00e3o presencial e virtual, foram formulados um total de 16 projetos em cidades e estados de Argentina, Brasil, Uruguai, Paraguai, Chile e Peru. Desse total se distinguiram tr\u00eas iniciativas que ser\u00e3o implementadas nas cidades de Jaboat\u00e3o dos Guararapes e Assun\u00e7\u00e3o, e no Estado de Minas Gerais. Os respons\u00e1veis destes projetos assistir\u00e3o \u00e0 C\u00fapula de Mercocidades, que se realizar\u00e1 de 23 a 25 de novembro em Santa Fe.<\/p>\n<hr \/>\n<p>Depois de uma minuciosa an\u00e1lise t\u00e9cnica e metodol\u00f3gica, que avaliou aspectos como o desenvolvimento da proposta, o tema, o or\u00e7amento, seus objetivos e a inclus\u00e3o regional, se decidiu distinguir a tr\u00eas projetos, formulados por: Patricia Lima, de Assun\u00e7\u00e3o; Odil\u00f3n de Souza de Jaboat\u00e3o dos Guararapes; e Lenira Rueda do Estado de Minas Gerais.<\/p>\n<p>As pessoas mencionadas acima se beneficiar\u00e3o da participa\u00e7\u00e3o na XXI C\u00fapula de Mercocidades e na vincula\u00e7\u00e3o com organismos de financiamento.<\/p>\n<p>A continua\u00e7\u00e3o um breve resumo de cada iniciativa:<\/p>\n<p>Projeto:\u00a0<strong>Mapeamento participativo e identifica\u00e7\u00e3o de brecha de programas inclusivos de prote\u00e7\u00e3o social em 4 munic\u00edpios da \u00e1rea metropolitana de Assun\u00e7\u00e3o<\/strong><\/p>\n<p>El proyecto tiene por objetivo ampliar la oferta de programas sociales en Asunci\u00f3n y 3 municipios del \u00e1rea metropolitana con mayores tasas de expulsi\u00f3n, para contribuir a aumentar la gobernanza de gobiernos locales y organizaciones sociales.<\/p>\n<p>Redacci\u00f3n y formulaci\u00f3n a cargo de Patricia Lima, de la direcci\u00f3n general del \u00c1rea Social, de la Municipalidad de Asunci\u00f3n, Paraguay<\/p>\n<p>proyecto:<strong>\u00a0Internacionalizaci\u00f3n regionalizada de Minas Gerais a partir del di\u00e1logo social<\/strong><\/p>\n<p>O objetivo do projeto \u00e9 ampliar a oferta de programas sociais em Assun\u00e7\u00e3o e 3 munic\u00edpios da \u00e1rea metropolitana com maiores taxas de expuls\u00e3o, para contribuir no aumento da governan\u00e7a de governos locais e organiza\u00e7\u00f5es sociais.<\/p>\n<p>Reda\u00e7\u00e3o e formula\u00e7\u00e3o a cargo de Patricia Lima, da dire\u00e7\u00e3o geral da \u00c1rea Social, da Municipalidade de Assun\u00e7\u00e3o, Paraguai.<\/p>\n<p>Projeto:\u00a0<strong>Internacionaliza\u00e7\u00e3o regionalizada de Minas Gerais a partir do di\u00e1logo social<\/strong><\/p>\n<p>Converter a Incubadora Jaboat\u00e3o Criativo em uma incubadora do MERCOSUL, para potencializar a economia criativa em Jaboat\u00e3o dos Guararapes e nos munic\u00edpios de Mercocidades, por meio da capacita\u00e7\u00e3o, consultorias em gest\u00e3o de neg\u00f3cios culturais e tecnol\u00f3gicos, permitindo o fortalecimento e desenvolvimento de setores criativos no MERCOSUL.<\/p>\n<p>Reda\u00e7\u00e3o e formula\u00e7\u00e3o a cargo de Odil\u00f3n de Souza, da Secretaria de Trabalho, Qualifica\u00e7\u00e3o e Empreendedorismo de Jaboat\u00e3o dos Guararapes.<\/p>\n\n\n\n\t<div class=\"dkpdf-button-container\" style=\" text-align:right \">\n\n\t\t<a class=\"dkpdf-button\" href=\"\/pt-br\/wp-json\/wp\/v2\/posts\/3073?pdf=3073\" target=\"_blank\"><span class=\"dkpdf-button-icon\"><i class=\"fa fa-file-pdf-o\"><\/i><\/span> Descargar en PDF<\/a>\n\n\t<\/div>\n\n\n\n\n\n","protected":false},"excerpt":{"rendered":"<p>26\/10\/2016 Depois de quatro meses de capacita\u00e7\u00e3o presencial e virtual, foram formulados um total de 16 projetos em cidades e estados de Argentina, Brasil, Uruguai, Paraguai, Chile e Peru. Desse total se distinguiram tr\u00eas iniciativas que ser\u00e3o implementadas nas cidades de Jaboat\u00e3o dos Guararapes e Assun\u00e7\u00e3o, e no Estado de Minas Gerais. Os respons\u00e1veis destes [&#8230;]\n","protected":false},"author":805,"featured_media":3071,"comment_status":"closed","ping_status":"closed","sticky":false,"template":"","format":"standard","meta":{"footnotes":""},"categories":[78],"tags":[],"class_list":["post-3073","post","type-post","status-publish","format-standard","has-post-thumbnail","hentry","category-noticia"],"_links":{"self":[{"href":"https:\/\/sursurmercociudades.org\/pt-br\/wp-json\/wp\/v2\/posts\/3073","targetHints":{"allow":["GET"]}}],"collection":[{"href":"https:\/\/sursurmercociudades.org\/pt-br\/wp-json\/wp\/v2\/posts"}],"about":[{"href":"https:\/\/sursurmercociudades.org\/pt-br\/wp-json\/wp\/v2\/types\/post"}],"author":[{"embeddable":true,"href":"https:\/\/sursurmercociudades.org\/pt-br\/wp-json\/wp\/v2\/users\/805"}],"replies":[{"embeddable":true,"href":"https:\/\/sursurmercociudades.org\/pt-br\/wp-json\/wp\/v2\/comments?post=3073"}],"version-history":[{"count":1,"href":"https:\/\/sursurmercociudades.org\/pt-br\/wp-json\/wp\/v2\/posts\/3073\/revisions"}],"predecessor-version":[{"id":3074,"href":"https:\/\/sursurmercociudades.org\/pt-br\/wp-json\/wp\/v2\/posts\/3073\/revisions\/3074"}],"wp:featuredmedia":[{"embeddable":true,"href":"https:\/\/sursurmercociudades.org\/pt-br\/wp-json\/wp\/v2\/media\/3071"}],"wp:attachment":[{"href":"https:\/\/sursurmercociudades.org\/pt-br\/wp-json\/wp\/v2\/media?parent=3073"}],"wp:term":[{"taxonomy":"category","embeddable":true,"href":"https:\/\/sursurmercociudades.org\/pt-br\/wp-json\/wp\/v2\/categories?post=3073"},{"taxonomy":"post_tag","embeddable":true,"href":"https:\/\/sursurmercociudades.org\/pt-br\/wp-json\/wp\/v2\/tags?post=3073"}],"curies":[{"name":"wp","href":"https:\/\/api.w.org\/{rel}","templated":true}]}}