{"id":4886,"date":"2022-03-25T16:43:45","date_gmt":"2022-03-25T19:43:45","guid":{"rendered":"https:\/\/sursurmercociudades.org\/sao-leopoldo-y-canelones-realizan-su-primera-etapa-de-intercambio-cultural\/"},"modified":"2024-08-22T11:11:50","modified_gmt":"2024-08-22T14:11:50","slug":"sao-leopoldo-y-canelones-realizan-su-primera-etapa-de-intercambio-cultural","status":"publish","type":"post","link":"https:\/\/sursurmercociudades.org\/pt-br\/sao-leopoldo-y-canelones-realizan-su-primera-etapa-de-intercambio-cultural\/","title":{"rendered":"S\u00e3o Leopoldo e Canelones realizam sua primeira etapa de interc\u00e2mbio cultural"},"content":{"rendered":"<p><span style=\"font-weight: 400;\">Nos dias 18 e 19 de mar\u00e7o, ocorreu o primeiro encontro entre representantes da Prefeitura de S\u00e3o Leopoldo (Brasil) e do Departamento de Canelones (Uruguai), no \u00e2mbito de um projeto de coopera\u00e7\u00e3o cultural cofinanciado pelo <\/span><a href=\"https:\/\/sursurmercociudades.org\/\"><span style=\"font-weight: 400;\">Programa de Coopera\u00e7\u00e3o Sul-Sul de Mercocidades.<\/span><\/a><!--more--><\/p>\n<p><span style=\"font-weight: 400;\">A delega\u00e7\u00e3o de S\u00e3o Leopoldo tinha dois dias de agenda na cidade uruguaia. Durante sua visita, ele realizou um encontro com autoridades das \u00e1reas culturais de Canelones, onde foram apresentadas a estrutura e as principais diretrizes das pol\u00edticas culturais de ambas as cidades, al\u00e9m de organizar as pr\u00f3ximas agendas e sua log\u00edstica.<\/span><\/p>\n<p><span style=\"font-weight: 400;\">Ap\u00f3s o encontro, o grupo visitou instala\u00e7\u00f5es culturais (Centro Cultural Carlitos em Las Piedras e Complexo Cultural Politeama em Canelones) e se reuniu com artistas do departamento.<\/span><\/p>\n<p><span style=\"font-weight: 400;\">\u201cEsta primeira visita foi muito importante para conhecer melhor a realidade cultural de Canelones, os espa\u00e7os, as oportunidades para os artistas de S\u00e3o Leopoldo e pensar em poss\u00edveis intera\u00e7\u00f5es art\u00edsticas\u201d, disse o secret\u00e1rio municipal de Cultura e Rela\u00e7\u00f5es Internacionais, Pedro Vasconcellos.<\/span><\/p>\n<p><span style=\"font-weight: 400;\">A segunda fase do interc\u00e2mbio, que consiste em quatro etapas, ser\u00e1 no m\u00eas de abril, onde a delega\u00e7\u00e3o de Canelones apresentar\u00e1 um panorama cultural e conhecer\u00e1 os equipamentos culturais de S\u00e3o Leopoldo.<\/span><\/p>\n<p><span style=\"font-weight: 400;\">Em refer\u00eancia a isso, Vasconcellos acredita que o interc\u00e2mbio ser\u00e1 potenciado, possibilitando o planejamento das intera\u00e7\u00f5es de linguagens e express\u00f5es culturais de cada um dos parceiros.<\/span><\/p>\n<p><span style=\"font-weight: 400;\">O projeto de interc\u00e2mbio cultural internacional busca fortalecer o v\u00ednculo entre artistas e gestores culturais dessas cidades. Os e as referentes participar\u00e3o de inst\u00e2ncias de forma\u00e7\u00e3o e express\u00e3o nas duas cidades entre os meses de mar\u00e7o e junho de 2022.<\/span><\/p>\n<p><span style=\"font-weight: 400;\">Fonte: <\/span><a href=\"https:\/\/www.imcanelones.gub.uy\/\"><span style=\"font-weight: 400;\">Prefeitura de Canelones<\/span><\/a><span style=\"font-weight: 400;\"> e <\/span><a href=\"https:\/\/www.saoleopoldo.rs.gov.br\/\"><span style=\"font-weight: 400;\">Prefeitura de S\u00e3o Leopoldo<\/span><\/a><\/p>\n\n\n\n\t<div class=\"dkpdf-button-container\" style=\" text-align:right \">\n\n\t\t<a class=\"dkpdf-button\" href=\"\/pt-br\/wp-json\/wp\/v2\/posts\/4886?pdf=4886\" target=\"_blank\"><span class=\"dkpdf-button-icon\"><i class=\"fa fa-file-pdf-o\"><\/i><\/span> Descargar en PDF<\/a>\n\n\t<\/div>\n\n\n\n\n\n","protected":false},"excerpt":{"rendered":"<p>Nos dias 18 e 19 de mar\u00e7o, ocorreu o primeiro encontro entre representantes da Prefeitura de S\u00e3o Leopoldo (Brasil) e do Departamento de Canelones (Uruguai), no \u00e2mbito de um projeto de coopera\u00e7\u00e3o cultural cofinanciado pelo Programa de Coopera\u00e7\u00e3o Sul-Sul de Mercocidades. Descargar en PDF<\/p>\n","protected":false},"author":808,"featured_media":4883,"comment_status":"closed","ping_status":"closed","sticky":false,"template":"","format":"standard","meta":{"footnotes":""},"categories":[78],"tags":[],"class_list":["post-4886","post","type-post","status-publish","format-standard","has-post-thumbnail","hentry","category-noticia"],"_links":{"self":[{"href":"https:\/\/sursurmercociudades.org\/pt-br\/wp-json\/wp\/v2\/posts\/4886","targetHints":{"allow":["GET"]}}],"collection":[{"href":"https:\/\/sursurmercociudades.org\/pt-br\/wp-json\/wp\/v2\/posts"}],"about":[{"href":"https:\/\/sursurmercociudades.org\/pt-br\/wp-json\/wp\/v2\/types\/post"}],"author":[{"embeddable":true,"href":"https:\/\/sursurmercociudades.org\/pt-br\/wp-json\/wp\/v2\/users\/808"}],"replies":[{"embeddable":true,"href":"https:\/\/sursurmercociudades.org\/pt-br\/wp-json\/wp\/v2\/comments?post=4886"}],"version-history":[{"count":2,"href":"https:\/\/sursurmercociudades.org\/pt-br\/wp-json\/wp\/v2\/posts\/4886\/revisions"}],"predecessor-version":[{"id":5786,"href":"https:\/\/sursurmercociudades.org\/pt-br\/wp-json\/wp\/v2\/posts\/4886\/revisions\/5786"}],"wp:featuredmedia":[{"embeddable":true,"href":"https:\/\/sursurmercociudades.org\/pt-br\/wp-json\/wp\/v2\/media\/4883"}],"wp:attachment":[{"href":"https:\/\/sursurmercociudades.org\/pt-br\/wp-json\/wp\/v2\/media?parent=4886"}],"wp:term":[{"taxonomy":"category","embeddable":true,"href":"https:\/\/sursurmercociudades.org\/pt-br\/wp-json\/wp\/v2\/categories?post=4886"},{"taxonomy":"post_tag","embeddable":true,"href":"https:\/\/sursurmercociudades.org\/pt-br\/wp-json\/wp\/v2\/tags?post=4886"}],"curies":[{"name":"wp","href":"https:\/\/api.w.org\/{rel}","templated":true}]}}