{"id":7606,"date":"2023-05-31T15:15:56","date_gmt":"2023-05-31T18:15:56","guid":{"rendered":"https:\/\/sursurmercociudades.org\/inscripciones-abiertas-primer-congreso-de-turismo-accesible-de-mercociudades\/"},"modified":"2024-08-22T11:11:47","modified_gmt":"2024-08-22T14:11:47","slug":"inscripciones-abiertas-primer-congreso-de-turismo-accesible-de-mercociudades","status":"publish","type":"post","link":"https:\/\/sursurmercociudades.org\/pt-br\/inscripciones-abiertas-primer-congreso-de-turismo-accesible-de-mercociudades\/","title":{"rendered":"Inscri\u00e7\u00f5es abertas: Primeiro Congresso de Turismo Acess\u00edvel de Mercocidades"},"content":{"rendered":"<p><span style=\"font-weight: 400;\">O Governo de Canelones convida as mercocidades a participar do I Congresso de Turismo Acess\u00edvel <\/span><i><span style=\"font-weight: 400;\">Construindo a Rota da Acessibilidade<\/span><\/i><span style=\"font-weight: 400;\">, que acontecer\u00e1 na cidade de Atl\u00e1ntida, Canelones, Uruguai, no dia 8 de junho, a partir das 9h. (GMT-3). A participa\u00e7\u00e3o pode ser virtual ou presencial.<\/span><!--more--><\/p>\n<p><span style=\"font-weight: 400;\">O I Congresso de Turismo Acess\u00edvel procura criar um espa\u00e7o de interc\u00e2mbio e articula\u00e7\u00e3o entre os diferentes atores relevantes relacionados com o turismo acess\u00edvel na regi\u00e3o, no qual se compartilham experi\u00eancias a todos os n\u00edveis.<\/span><\/p>\n<p><span style=\"font-weight: 400;\">Nesse sentido, a atividade acontecer\u00e1 em torno de quatro mesas de di\u00e1logo: experi\u00eancias de vida em turismo acess\u00edvel; experi\u00eancias e projetos de acessibilidade tur\u00edstica; experi\u00eancias de articula\u00e7\u00e3o e acordos para o desenvolvimento do turismo acess\u00edvel; e experi\u00eancias de promo\u00e7\u00e3o do turismo acess\u00edvel de governos locais.<\/span><\/p>\n<p><span style=\"font-weight: 400;\">O I Congresso de Turismo Acess\u00edvel faz parte do projeto de coopera\u00e7\u00e3o &#8220;Servi\u00e7os Tur\u00edsticos Acess\u00edveis&#8221; que conta com o apoio do Programa de Coopera\u00e7\u00e3o Sul-Sul de Mercocidades, e \u00e9 coordenado pelo Governo de Canelones (Uruguai), juntamente com os Munic\u00edpios de Villa Carlos Paz e Santa F\u00e9 (Argentina). A atividade \u00e9 coorganizada por Canelones, Villa Carlos Paz e Santa Fe, com a <\/span><a href=\"https:\/\/www.empresasinclusivas.org.uy\/\"><span style=\"font-weight: 400;\">Rede de Empresas Inclusivas<\/span><\/a><span style=\"font-weight: 400;\"> e o N\u00f3 de Turismo Acess\u00edvel do Uruguai.<\/span><\/p>\n<p><span style=\"font-weight: 400;\">O evento contar\u00e1 com a participa\u00e7\u00e3o de autoridades departamentais e nacionais, al\u00e9m de lideran\u00e7as da Rede de Empresas Inclusivas e pessoas com defici\u00eancia que utilizam os servi\u00e7os tur\u00edsticos das cidades da regi\u00e3o.<\/span><\/p>\n<p><span style=\"font-weight: 400;\">O Congresso acontecer\u00e1 na quinta-feira, 8 de junho, no Espacio D\u00ednamo, cidade de Atl\u00e1ntida, Canelones. O credenciamento come\u00e7ar\u00e1 \u00e0s 8.30h, e o evento ter\u00e1 in\u00edcio \u00e0s 9h, com t\u00e9rmino \u00e0s 17.30h.<\/span><\/p>\n<p><span style=\"font-weight: 400;\">As inscri\u00e7\u00f5es s\u00e3o feitas atrav\u00e9s do seguinte <\/span><a href=\"https:\/\/www.eventbrite.com.ar\/e\/i-congreso-de-turismo-accesible-mercociudades-i-congreso-nacional-tickets-630947189027\"><span style=\"font-weight: 400;\">formul\u00e1rio online<\/span><\/a><span style=\"font-weight: 400;\">. No caso de participar virtualmente, assim que o cadastro for conclu\u00eddo, os dados de conex\u00e3o ser\u00e3o enviados para o seu e-mail.<\/span><\/p>\n<p><span style=\"font-weight: 400;\">Para d\u00favidas ou mais informa\u00e7\u00f5es, escreva para o e-mail federico.lezama@imcanelones.gub.uy<\/span><\/p>\n\n\n\n\t<div class=\"dkpdf-button-container\" style=\" text-align:right \">\n\n\t\t<a class=\"dkpdf-button\" href=\"\/pt-br\/wp-json\/wp\/v2\/posts\/7606?pdf=7606\" target=\"_blank\"><span class=\"dkpdf-button-icon\"><i class=\"fa fa-file-pdf-o\"><\/i><\/span> Descargar en PDF<\/a>\n\n\t<\/div>\n\n\n\n\n\n","protected":false},"excerpt":{"rendered":"<p>O Governo de Canelones convida as mercocidades a participar do I Congresso de Turismo Acess\u00edvel Construindo a Rota da Acessibilidade, que acontecer\u00e1 na cidade de Atl\u00e1ntida, Canelones, Uruguai, no dia 8 de junho, a partir das 9h. (GMT-3). A participa\u00e7\u00e3o pode ser virtual ou presencial. Descargar en PDF<\/p>\n","protected":false},"author":804,"featured_media":7602,"comment_status":"closed","ping_status":"closed","sticky":false,"template":"","format":"standard","meta":{"footnotes":""},"categories":[77,78],"tags":[],"class_list":["post-7606","post","type-post","status-publish","format-standard","has-post-thumbnail","hentry","category-nao-categorizado","category-noticia"],"_links":{"self":[{"href":"https:\/\/sursurmercociudades.org\/pt-br\/wp-json\/wp\/v2\/posts\/7606","targetHints":{"allow":["GET"]}}],"collection":[{"href":"https:\/\/sursurmercociudades.org\/pt-br\/wp-json\/wp\/v2\/posts"}],"about":[{"href":"https:\/\/sursurmercociudades.org\/pt-br\/wp-json\/wp\/v2\/types\/post"}],"author":[{"embeddable":true,"href":"https:\/\/sursurmercociudades.org\/pt-br\/wp-json\/wp\/v2\/users\/804"}],"replies":[{"embeddable":true,"href":"https:\/\/sursurmercociudades.org\/pt-br\/wp-json\/wp\/v2\/comments?post=7606"}],"version-history":[{"count":2,"href":"https:\/\/sursurmercociudades.org\/pt-br\/wp-json\/wp\/v2\/posts\/7606\/revisions"}],"predecessor-version":[{"id":7608,"href":"https:\/\/sursurmercociudades.org\/pt-br\/wp-json\/wp\/v2\/posts\/7606\/revisions\/7608"}],"wp:featuredmedia":[{"embeddable":true,"href":"https:\/\/sursurmercociudades.org\/pt-br\/wp-json\/wp\/v2\/media\/7602"}],"wp:attachment":[{"href":"https:\/\/sursurmercociudades.org\/pt-br\/wp-json\/wp\/v2\/media?parent=7606"}],"wp:term":[{"taxonomy":"category","embeddable":true,"href":"https:\/\/sursurmercociudades.org\/pt-br\/wp-json\/wp\/v2\/categories?post=7606"},{"taxonomy":"post_tag","embeddable":true,"href":"https:\/\/sursurmercociudades.org\/pt-br\/wp-json\/wp\/v2\/tags?post=7606"}],"curies":[{"name":"wp","href":"https:\/\/api.w.org\/{rel}","templated":true}]}}