{"id":8342,"date":"2023-07-11T15:28:23","date_gmt":"2023-07-11T18:28:23","guid":{"rendered":"https:\/\/sursurmercociudades.org\/montevideo-visita-tandil-en-el-marco-de-un-proyecto-de-cooperacion-para-la-mejora-de-viviendas-sociales\/"},"modified":"2024-08-22T11:11:47","modified_gmt":"2024-08-22T14:11:47","slug":"montevideo-visita-tandil-en-el-marco-de-un-proyecto-de-cooperacion-para-la-mejora-de-viviendas-sociales","status":"publish","type":"post","link":"https:\/\/sursurmercociudades.org\/pt-br\/montevideo-visita-tandil-en-el-marco-de-un-proyecto-de-cooperacion-para-la-mejora-de-viviendas-sociales\/","title":{"rendered":"Montevid\u00e9u visita Tandil no \u00e2mbito de um projeto de coopera\u00e7\u00e3o para a melhoria das moradias sociais"},"content":{"rendered":"<p><span style=\"font-weight: 400;\">Nos dias 6 e 7 de julho, uma delega\u00e7\u00e3o da Prefeitura de Montevid\u00e9u, Uruguai, realizou uma visita t\u00e9cnica \u00e0 cidade de Tandil, Argentina, no \u00e2mbito do projeto &#8220;Melhoria das moradias sociais a partir da reciclagem e da economia circular como alternativa&#8221;, financiado pelo Programa de Coopera\u00e7\u00e3o Sul Sul.<\/span><!--more--><\/p>\n<p><span style=\"font-weight: 400;\">No primeiro dia de interc\u00e2mbio, a comitiva foi recebida pelo prefeito de Tandil, Miguel \u00c1ngel Lunghi, e posteriormente visitou a COOPRAEE, cooperativa que trabalha em conjunto com a Dire\u00e7\u00e3o de Meio Ambiente do Munic\u00edpio, com o objetivo de revalorizar a tecnologia obsoleta de aparelhos eletr\u00f4nicos e el\u00e9tricos. Tamb\u00e9m promove a inclus\u00e3o socioeducativa e trabalhista do coletivo LGBTIQ+ e de mulheres v\u00edtimas de viol\u00eancia de g\u00eanero.<\/span><\/p>\n<p><span style=\"font-weight: 400;\">Entretanto, no segundo dia de trabalho, a delega\u00e7\u00e3o visitou diversas experi\u00eancias e projetos relacionados com a constru\u00e7\u00e3o sustent\u00e1vel como o Ponto Limpo de Villa Aguirre; o P\u00f3lo Produtivo e Social de Tandil; e uma empresa que fabrica concreto pr\u00e9-moldado \u00e0 base de cimento com adi\u00e7\u00e3o de pl\u00e1sticos de res\u00edduos de equipamentos el\u00e9tricos e eletr\u00f4nicos em desuso, conhecidos como RAEE, para obter o menor impacto ambiental e maior sustentabilidade.<\/span><\/p>\n<p><span style=\"font-weight: 400;\">O objetivo geral do projeto \u00e9 ampliar e melhorar tanto as moradias sociais, tanto outros espa\u00e7os de usos m\u00faltiplos como percursos formativos ou servi\u00e7os \u00e0 comunidade, atrav\u00e9s da implementa\u00e7\u00e3o de processos de produ\u00e7\u00e3o com circuitos virtuosos que, ao mesmo tempo que permitem a constru\u00e7\u00e3o de tijolos, placas e paredes, permite reduzir o impacto ambiental que a sua produ\u00e7\u00e3o acarreta.<\/span><\/p>\n<p><span style=\"font-weight: 400;\">Nesse sentido, al\u00e9m do eixo centrado na moradia da popula\u00e7\u00e3o em situa\u00e7\u00e3o de vulnerabilidade, o projeto cont\u00e9m mais dois aspectos relevantes: de um lado, a inclus\u00e3o socioeducativa e trabalhista do coletivo LGBTIQ+ e das mulheres v\u00edtimas de viol\u00eancia de g\u00eanero na ONG; e, por outro lado, o compromisso com o meio ambiente atrav\u00e9s da reciclagem de material tecnol\u00f3gico obsoleto e da recupera\u00e7\u00e3o de pl\u00e1stico.<\/span><\/p>\n<p><span style=\"font-weight: 400;\">O projeto de coopera\u00e7\u00e3o visa compartilhar entre ambas as cidades uma estrat\u00e9gia tanto de a\u00e7\u00e3o social, ao n\u00edvel da resposta a uma procura habitacional, como de a\u00e7\u00e3o para o clima. Compreender a responsabilidade de preservar o meio ambiente apostando no desenvolvimento de processos produtivos centrados na economia circular.<\/span><\/p>\n<p><span style=\"font-weight: 400;\">A delega\u00e7\u00e3o de Tandil planeja visitar Montevid\u00e9u durante o m\u00eas de setembro.<\/span><\/p>\n\n\n\n\t<div class=\"dkpdf-button-container\" style=\" text-align:right \">\n\n\t\t<a class=\"dkpdf-button\" href=\"\/pt-br\/wp-json\/wp\/v2\/posts\/8342?pdf=8342\" target=\"_blank\"><span class=\"dkpdf-button-icon\"><i class=\"fa fa-file-pdf-o\"><\/i><\/span> Descargar en PDF<\/a>\n\n\t<\/div>\n\n\n\n\n\n","protected":false},"excerpt":{"rendered":"<p>Nos dias 6 e 7 de julho, uma delega\u00e7\u00e3o da Prefeitura de Montevid\u00e9u, Uruguai, realizou uma visita t\u00e9cnica \u00e0 cidade de Tandil, Argentina, no \u00e2mbito do projeto &#8220;Melhoria das moradias sociais a partir da reciclagem e da economia circular como alternativa&#8221;, financiado pelo Programa de Coopera\u00e7\u00e3o Sul Sul. Descargar en PDF<\/p>\n","protected":false},"author":804,"featured_media":8154,"comment_status":"closed","ping_status":"closed","sticky":false,"template":"","format":"standard","meta":{"footnotes":""},"categories":[77,78],"tags":[],"class_list":["post-8342","post","type-post","status-publish","format-standard","has-post-thumbnail","hentry","category-nao-categorizado","category-noticia"],"_links":{"self":[{"href":"https:\/\/sursurmercociudades.org\/pt-br\/wp-json\/wp\/v2\/posts\/8342","targetHints":{"allow":["GET"]}}],"collection":[{"href":"https:\/\/sursurmercociudades.org\/pt-br\/wp-json\/wp\/v2\/posts"}],"about":[{"href":"https:\/\/sursurmercociudades.org\/pt-br\/wp-json\/wp\/v2\/types\/post"}],"author":[{"embeddable":true,"href":"https:\/\/sursurmercociudades.org\/pt-br\/wp-json\/wp\/v2\/users\/804"}],"replies":[{"embeddable":true,"href":"https:\/\/sursurmercociudades.org\/pt-br\/wp-json\/wp\/v2\/comments?post=8342"}],"version-history":[{"count":2,"href":"https:\/\/sursurmercociudades.org\/pt-br\/wp-json\/wp\/v2\/posts\/8342\/revisions"}],"predecessor-version":[{"id":8344,"href":"https:\/\/sursurmercociudades.org\/pt-br\/wp-json\/wp\/v2\/posts\/8342\/revisions\/8344"}],"wp:featuredmedia":[{"embeddable":true,"href":"https:\/\/sursurmercociudades.org\/pt-br\/wp-json\/wp\/v2\/media\/8154"}],"wp:attachment":[{"href":"https:\/\/sursurmercociudades.org\/pt-br\/wp-json\/wp\/v2\/media?parent=8342"}],"wp:term":[{"taxonomy":"category","embeddable":true,"href":"https:\/\/sursurmercociudades.org\/pt-br\/wp-json\/wp\/v2\/categories?post=8342"},{"taxonomy":"post_tag","embeddable":true,"href":"https:\/\/sursurmercociudades.org\/pt-br\/wp-json\/wp\/v2\/tags?post=8342"}],"curies":[{"name":"wp","href":"https:\/\/api.w.org\/{rel}","templated":true}]}}