{"id":8686,"date":"2023-08-24T14:35:15","date_gmt":"2023-08-24T17:35:15","guid":{"rendered":"https:\/\/sursurmercociudades.org\/san-jose-sera-sede-del-evento-anual-de-la-escuela-de-resiliencia-de-mercociudades\/"},"modified":"2024-04-14T20:42:51","modified_gmt":"2024-04-14T23:42:51","slug":"san-jose-sera-sede-del-evento-anual-de-la-escuela-de-resiliencia-de-mercociudades","status":"publish","type":"post","link":"https:\/\/sursurmercociudades.org\/pt-br\/san-jose-sera-sede-del-evento-anual-de-la-escuela-de-resiliencia-de-mercociudades\/","title":{"rendered":"San Jos\u00e9 sediar\u00e1 o evento anual da Escola de Resili\u00eancia de Mercocidades"},"content":{"rendered":"<p><span style=\"font-weight: 400;\">Nos dias 30 e 31 de agosto, em San Jos\u00e9, Uruguai, acontecer\u00e1 a 6\u00aa edi\u00e7\u00e3o da Escola de Resili\u00eancia do Programa de Coopera\u00e7\u00e3o Sul-Sul da Mercocidades sob o lema \u201cGest\u00e3o integrada da \u00e1gua\u201d. Participar\u00e3o do treinamento 20 representantes da Argentina, Bol\u00edvia, Brasil, Chile, Col\u00f4mbia, Equador, M\u00e9xico e Uruguai.<\/span><span style=\"font-weight: 400;\"><br \/>\n<\/span><!--more--><\/p>\n<p><span style=\"font-weight: 400;\">A escola ter\u00e1 pain\u00e9is de especialistas relacionados com resili\u00eancia urbana, gest\u00e3o integrada da \u00e1gua e resili\u00eancia h\u00eddrica nas suas m\u00faltiplas dimens\u00f5es. Haver\u00e1 tamb\u00e9m oficinas com estudos de caso de experi\u00eancias de cidades da regi\u00e3o e um painel dedicado ao financiamento de iniciativas locais de resili\u00eancia.<\/span><\/p>\n<p><span style=\"font-weight: 400;\">Durante o treinamento, oferecer\u00e3o conhecimentos da Rede Mundial de Cidades Resilientes, do Escrit\u00f3rio das Na\u00e7\u00f5es Unidas para a Redu\u00e7\u00e3o de Riscos de Desastres, do Programa das Na\u00e7\u00f5es Unidas para o Meio Ambiente, da Dire\u00e7\u00e3o Nacional de \u00c1guas do Uruguai. Bem como a rede global de Governos Locais pela Sustentabilidade, o Programa de Coopera\u00e7\u00e3o Sul-Sul de Mercocidades e a Ag\u00eancia Espanhola de Coopera\u00e7\u00e3o Internacional para o Desenvolvimento.<\/span><span style=\"font-weight: 400;\"><br \/>\n<\/span><\/p>\n<p><span style=\"font-weight: 400;\">Ap\u00f3s o t\u00e9rmino da Escola, seus participantes ter\u00e3o um prazo de 10 dias para enviar um projeto final. Esses trabalhos ser\u00e3o avaliados pelo comit\u00ea de sele\u00e7\u00e3o, que escolher\u00e1 at\u00e9 tr\u00eas casos\u00a0 que receber\u00e3o apoio (passagem internacional com datas fechadas de viagem e hospedagem durante os dias do interc\u00e2mbio) para o seu fortalecimento atrav\u00e9s de assist\u00eancia t\u00e9cnica e\/ou interc\u00e2mbio de experi\u00eancias em cidades da Am\u00e9rica Latina.<\/span><\/p>\n<p><span style=\"font-weight: 400;\">A escola de resili\u00eancia faz parte do Programa de Coopera\u00e7\u00e3o Sul Sul de Mercocidades. Organizam e convocam Mercocidades, a <\/span><a href=\"https:\/\/resilientcitiesnetwork.org\/\"><span style=\"font-weight: 400;\">Rede de Cidades Resilientes<\/span><\/a><span style=\"font-weight: 400;\"> e o projeto \u201cAdapta\u00e7\u00e3o em A\u00e7\u00e3o, bacia Santa Luc\u00eda\u201d.<\/span><\/p>\n<p>&nbsp;<\/p>\n<p><span style=\"font-weight: 400;\">Leia abaixo a lista de pessoas selecionadas.<\/span><\/p>\n<p><b>Da Argentina:<\/b><\/p>\n<p><span style=\"font-weight: 400;\">Oriana Vera de Quilmes<\/span><\/p>\n<p><span style=\"font-weight: 400;\">Ana Paula Comino de Mar del Plata<\/span><\/p>\n<p><span style=\"font-weight: 400;\">Nat\u00e1lia Herrera de C\u00f3rdoba<\/span><\/p>\n<p><span style=\"font-weight: 400;\">Lourdes Villalba de Ceres<\/span><\/p>\n<p><span style=\"font-weight: 400;\">Mar\u00eda Bel\u00e9n Mill\u00e1n de Lan\u00fas<\/span><\/p>\n<p><span style=\"font-weight: 400;\">M\u00f3nica Martinez de Villa Carlos Paz<\/span><\/p>\n<p><strong>Da Bolivia<\/strong><\/p>\n<p><span style=\"font-weight: 400;\">Aydee Olmos de La Paz<\/span><\/p>\n<p><strong>Do Brasil<\/strong><\/p>\n<p><span style=\"font-weight: 400;\">Patr\u00edcia Ney de Rio de Janeiro<\/span><\/p>\n<p><span style=\"font-weight: 400;\">Bruno Beltrame de Porto Alegre<\/span><\/p>\n<p><span style=\"font-weight: 400;\">Denise Gon\u00e7alves de S\u00e3o Paulo<\/span><\/p>\n<p><b>Do Chile<\/b><\/p>\n<p><span style=\"font-weight: 400;\">Paula Cur\u00e9 de Quilpue<\/span><\/p>\n<p><span style=\"font-weight: 400;\">Dario Oyarzun de Renca<\/span><\/p>\n<p><span style=\"font-weight: 400;\">Raquel Rojas de Pe\u00f1alol\u00e9n<\/span><\/p>\n<p><b>Da Col\u00f4mbia<\/b><\/p>\n<p><span style=\"font-weight: 400;\">Juan Barba de Medell\u00edn<\/span><\/p>\n<p><b>Do Equador<\/b><\/p>\n<p><span style=\"font-weight: 400;\">Mayra Godoy de Nabon<\/span><\/p>\n<p><b>Do M\u00e9xico<\/b><\/p>\n<p><span style=\"font-weight: 400;\">Hugo Concepci\u00f3n de General Escobedo<\/span><\/p>\n<p><b>Do Uruguai<\/b><\/p>\n<p><span style=\"font-weight: 400;\">Leonardo Herou e Federico Ponce de Canelones<\/span><\/p>\n<p><span style=\"font-weight: 400;\">Leonardo Mollo de Santa L\u00facia<\/span><\/p>\n<p><span style=\"font-weight: 400;\">Gabriela Magnavacca de Montevid\u00e9u<\/span><\/p>\n<p><span style=\"font-weight: 400;\">Pablo Garcia e Mariana Delgado de San Jos\u00e9<\/span><\/p>\n<p><span style=\"font-weight: 400;\">Para d\u00favidas, entre em contato pelo e-mail <\/span><a href=\"mailto:resiliencia@mercociudades.org\"><span style=\"font-weight: 400;\">resiliencia@mercociudades.org<\/span><\/a><span style=\"font-weight: 400;\">. <\/span><\/p>\n\n\n\n\t<div class=\"dkpdf-button-container\" style=\" text-align:right \">\n\n\t\t<a class=\"dkpdf-button\" href=\"\/pt-br\/wp-json\/wp\/v2\/posts\/8686?pdf=8686\" target=\"_blank\"><span class=\"dkpdf-button-icon\"><i class=\"fa fa-file-pdf-o\"><\/i><\/span> Descargar en PDF<\/a>\n\n\t<\/div>\n\n\n\n\n\n","protected":false},"excerpt":{"rendered":"<p>Nos dias 30 e 31 de agosto, em San Jos\u00e9, Uruguai, acontecer\u00e1 a 6\u00aa edi\u00e7\u00e3o da Escola de Resili\u00eancia do Programa de Coopera\u00e7\u00e3o Sul-Sul da Mercocidades sob o lema \u201cGest\u00e3o integrada da \u00e1gua\u201d. Participar\u00e3o do treinamento 20 representantes da Argentina, Bol\u00edvia, Brasil, Chile, Col\u00f4mbia, Equador, M\u00e9xico e Uruguai. Descargar en PDF<\/p>\n","protected":false},"author":808,"featured_media":8683,"comment_status":"closed","ping_status":"closed","sticky":false,"template":"","format":"standard","meta":{"footnotes":""},"categories":[88,78],"tags":[],"class_list":["post-8686","post","type-post","status-publish","format-standard","has-post-thumbnail","hentry","category-escuela-de-resiliencia-de-mercociudades-pt-br","category-noticia"],"_links":{"self":[{"href":"https:\/\/sursurmercociudades.org\/pt-br\/wp-json\/wp\/v2\/posts\/8686","targetHints":{"allow":["GET"]}}],"collection":[{"href":"https:\/\/sursurmercociudades.org\/pt-br\/wp-json\/wp\/v2\/posts"}],"about":[{"href":"https:\/\/sursurmercociudades.org\/pt-br\/wp-json\/wp\/v2\/types\/post"}],"author":[{"embeddable":true,"href":"https:\/\/sursurmercociudades.org\/pt-br\/wp-json\/wp\/v2\/users\/808"}],"replies":[{"embeddable":true,"href":"https:\/\/sursurmercociudades.org\/pt-br\/wp-json\/wp\/v2\/comments?post=8686"}],"version-history":[{"count":2,"href":"https:\/\/sursurmercociudades.org\/pt-br\/wp-json\/wp\/v2\/posts\/8686\/revisions"}],"predecessor-version":[{"id":8688,"href":"https:\/\/sursurmercociudades.org\/pt-br\/wp-json\/wp\/v2\/posts\/8686\/revisions\/8688"}],"wp:featuredmedia":[{"embeddable":true,"href":"https:\/\/sursurmercociudades.org\/pt-br\/wp-json\/wp\/v2\/media\/8683"}],"wp:attachment":[{"href":"https:\/\/sursurmercociudades.org\/pt-br\/wp-json\/wp\/v2\/media?parent=8686"}],"wp:term":[{"taxonomy":"category","embeddable":true,"href":"https:\/\/sursurmercociudades.org\/pt-br\/wp-json\/wp\/v2\/categories?post=8686"},{"taxonomy":"post_tag","embeddable":true,"href":"https:\/\/sursurmercociudades.org\/pt-br\/wp-json\/wp\/v2\/tags?post=8686"}],"curies":[{"name":"wp","href":"https:\/\/api.w.org\/{rel}","templated":true}]}}