{"id":9179,"date":"2023-11-17T14:06:15","date_gmt":"2023-11-17T17:06:15","guid":{"rendered":"https:\/\/sursurmercociudades.org\/cumbre-mercociudades-dialogo-sobre-servicios-turisticos-accesibles-en-la-region\/"},"modified":"2024-08-22T11:11:47","modified_gmt":"2024-08-22T14:11:47","slug":"cumbre-mercociudades-dialogo-sobre-servicios-turisticos-accesibles-en-la-region","status":"publish","type":"post","link":"https:\/\/sursurmercociudades.org\/pt-br\/cumbre-mercociudades-dialogo-sobre-servicios-turisticos-accesibles-en-la-region\/","title":{"rendered":"C\u00fapula Mercocidades: Di\u00e1logo sobre servi\u00e7os tur\u00edsticos acess\u00edveis na regi\u00e3o"},"content":{"rendered":"<p>Lan\u00e7amos o convite para participar da mesa \u201cServi\u00e7os Tur\u00edsticos Regionais Acess\u00edveis. Sistema de coleta, reposit\u00f3rio e divulga\u00e7\u00e3o de servi\u00e7os tur\u00edsticos acess\u00edveis de Mercocidades\u201d, que ser\u00e1 realizado no dia 22 de novembro, a partir das 10.40h (GMT-3), durante a\u00a0<a href=\"https:\/\/mercociudades.org\/pt-br\/inscripciones-abiertas-xxviii-cumbre-de-mercociudades-en-sao-paulo\/\">XXVIII C\u00fapula de Mercocidades<\/a>, no pr\u00e9dio-sede da Prefeitura de S\u00e3o Paulo.\u00a0<a href=\"https:\/\/docs.google.com\/forms\/d\/e\/1FAIpQLScAzLKr_FAISL2daMPJ2Xyy9cfkcdRZS8CJiC6gNj1sFNtuBA\/viewform\">Inscri\u00e7\u00f5es abertas<\/a>.<!--more--><span id=\"more-42999\"><\/span><\/p>\n<p>Quem tiver interesse \u200b\u200bem participar presencialmente tamb\u00e9m deve se\u00a0<a href=\"https:\/\/docs.google.com\/forms\/d\/e\/1FAIpQLSf9pfslGsPmgerm_5kvbgVaLJ1LF9SS3FEVQLPlYLP31kXyug\/viewform\">inscrever na C\u00fapula<\/a>. O di\u00e1logo faz parte do projeto \u201cServi\u00e7os Tur\u00edsticos Regionais Acess\u00edveis\u201d formulado pelas cidades de Canelones (Uy), Villa Carlos Paz (Arg) e Santa F\u00e9 (Arg), cofinanciado pelo\u00a0<a href=\"https:\/\/sursurmercociudades.org\/\">Programa de Coopera\u00e7\u00e3o Sul Sul de Mercocidades<\/a>.<\/p>\n<p>O objetivo da atividade \u00e9 dotar as \u201cmercocidades\u201d de ferramentas que valorizem o turismo na regi\u00e3o e garantam a constru\u00e7\u00e3o de cidades acess\u00edveis a todos. A mesa contar\u00e1 com a participa\u00e7\u00e3o de representantes da Rede Ibero-Americana de Turismo Acess\u00edvel e da rede global CGLU (Cidades e Governos Locais Unidos), al\u00e9m da apresenta\u00e7\u00e3o de experi\u00eancias das cidades de Santa F\u00e9 e Canelones.<\/p>\n<p>As pessoas com defici\u00eancia, que segundo o Banco Mundial representam atualmente 15% da popula\u00e7\u00e3o mundial, sofrem muitos impedimentos e obst\u00e1culos quando viajam, desde barreiras prediais e de transporte, at\u00e9 car\u00eancias no planejamento urbano e na informa\u00e7\u00e3o fornecida pelas ag\u00eancias de\u00a0viagem.<\/p>\n<p>Al\u00e9m de garantir o pleno gozo dos direitos das pessoas com defici\u00eancia, o projeto busca beneficiar pessoas com defici\u00eancia tempor\u00e1ria, fam\u00edlias com filhos pequenos, idosos e gerar um ambiente de trabalho mais seguro aos colaboradores.<\/p>\n<p>Acesse a\u00a0<a href=\"https:\/\/mercociudades.org\/wp-content\/uploads\/2023\/11\/Programa-Espanol.pdf\">agenda preliminar da mesa<\/a>, a\u00a0<a href=\"https:\/\/mercociudades.org\/wp-content\/uploads\/2023\/11\/Nota-conceptual-Turismo-Accesible-Espanol-1.pdf\">nota conceitual<\/a>\u00a0e o\u00a0<a href=\"https:\/\/docs.google.com\/forms\/d\/e\/1FAIpQLScAzLKr_FAISL2daMPJ2Xyy9cfkcdRZS8CJiC6gNj1sFNtuBA\/viewform\">formul\u00e1rio de inscri\u00e7\u00e3o<\/a>.<\/p>\n<p>Acesse o\u00a0<a href=\"https:\/\/mercociudades.org\/wp-content\/uploads\/2023\/11\/Agenda-Mercociudades_espanol-final.pdf\">Programa General da C\u00fapula<\/a>\u00a0e o seu\u00a0<a href=\"https:\/\/docs.google.com\/forms\/d\/e\/1FAIpQLSf9pfslGsPmgerm_5kvbgVaLJ1LF9SS3FEVQLPlYLP31kXyug\/viewform\">formul\u00e1rio de inscri\u00e7\u00e3o<\/a>.<\/p>\n<p>Para d\u00favidas, entre em contato com\u00a0<a href=\"mailto:morlapatricia@gmail.com\">morlapatricia@gmail.com<\/a>.<\/p>\n\n\n\n\t<div class=\"dkpdf-button-container\" style=\" text-align:right \">\n\n\t\t<a class=\"dkpdf-button\" href=\"\/pt-br\/wp-json\/wp\/v2\/posts\/9179?pdf=9179\" target=\"_blank\"><span class=\"dkpdf-button-icon\"><i class=\"fa fa-file-pdf-o\"><\/i><\/span> Descargar en PDF<\/a>\n\n\t<\/div>\n\n\n\n\n\n","protected":false},"excerpt":{"rendered":"<p>Lan\u00e7amos o convite para participar da mesa \u201cServi\u00e7os Tur\u00edsticos Regionais Acess\u00edveis. Sistema de coleta, reposit\u00f3rio e divulga\u00e7\u00e3o de servi\u00e7os tur\u00edsticos acess\u00edveis de Mercocidades\u201d, que ser\u00e1 realizado no dia 22 de novembro, a partir das 10.40h (GMT-3), durante a\u00a0XXVIII C\u00fapula de Mercocidades, no pr\u00e9dio-sede da Prefeitura de S\u00e3o Paulo.\u00a0Inscri\u00e7\u00f5es abertas. Descargar en PDF<\/p>\n","protected":false},"author":808,"featured_media":9180,"comment_status":"closed","ping_status":"closed","sticky":false,"template":"","format":"standard","meta":{"footnotes":""},"categories":[77,78],"tags":[],"class_list":["post-9179","post","type-post","status-publish","format-standard","has-post-thumbnail","hentry","category-nao-categorizado","category-noticia"],"_links":{"self":[{"href":"https:\/\/sursurmercociudades.org\/pt-br\/wp-json\/wp\/v2\/posts\/9179","targetHints":{"allow":["GET"]}}],"collection":[{"href":"https:\/\/sursurmercociudades.org\/pt-br\/wp-json\/wp\/v2\/posts"}],"about":[{"href":"https:\/\/sursurmercociudades.org\/pt-br\/wp-json\/wp\/v2\/types\/post"}],"author":[{"embeddable":true,"href":"https:\/\/sursurmercociudades.org\/pt-br\/wp-json\/wp\/v2\/users\/808"}],"replies":[{"embeddable":true,"href":"https:\/\/sursurmercociudades.org\/pt-br\/wp-json\/wp\/v2\/comments?post=9179"}],"version-history":[{"count":2,"href":"https:\/\/sursurmercociudades.org\/pt-br\/wp-json\/wp\/v2\/posts\/9179\/revisions"}],"predecessor-version":[{"id":9181,"href":"https:\/\/sursurmercociudades.org\/pt-br\/wp-json\/wp\/v2\/posts\/9179\/revisions\/9181"}],"wp:featuredmedia":[{"embeddable":true,"href":"https:\/\/sursurmercociudades.org\/pt-br\/wp-json\/wp\/v2\/media\/9180"}],"wp:attachment":[{"href":"https:\/\/sursurmercociudades.org\/pt-br\/wp-json\/wp\/v2\/media?parent=9179"}],"wp:term":[{"taxonomy":"category","embeddable":true,"href":"https:\/\/sursurmercociudades.org\/pt-br\/wp-json\/wp\/v2\/categories?post=9179"},{"taxonomy":"post_tag","embeddable":true,"href":"https:\/\/sursurmercociudades.org\/pt-br\/wp-json\/wp\/v2\/tags?post=9179"}],"curies":[{"name":"wp","href":"https:\/\/api.w.org\/{rel}","templated":true}]}}