{"id":9338,"date":"2024-01-31T12:09:34","date_gmt":"2024-01-31T15:09:34","guid":{"rendered":"https:\/\/sursurmercociudades.org\/intercambio-de-experiencias-sobre-juventudes-e-innovacion-entre-santa-fe-y-medellin\/"},"modified":"2024-08-22T11:11:46","modified_gmt":"2024-08-22T14:11:46","slug":"intercambio-de-experiencias-sobre-juventudes-e-innovacion-entre-santa-fe-y-medellin","status":"publish","type":"post","link":"https:\/\/sursurmercociudades.org\/pt-br\/intercambio-de-experiencias-sobre-juventudes-e-innovacion-entre-santa-fe-y-medellin\/","title":{"rendered":"Troca de experi\u00eancias sobre juventude e inova\u00e7\u00e3o entre Santa F\u00e9 e Medell\u00edn"},"content":{"rendered":"<p><span style=\"font-weight: 400;\">De 26 a 30 de novembro, Evangelina Chiaraviglio, da Prefeitura de Santa F\u00e9, visitou a cidade de Medell\u00edn como parte de sua participa\u00e7\u00e3o na 16\u00aa Capacita\u00e7\u00e3o em formula\u00e7\u00e3o e implementa\u00e7\u00e3o de projetos regionais que aconteceu na cidade de Esteban Echeverr\u00eda, no ano de 2022 .<\/span><!--more--><\/p>\n<p><span style=\"font-weight: 400;\">Durante a sua visita, a representante do governo local conheceu as unidades b\u00e1sicas de autossufici\u00eancia da cidade de Medell\u00edn, focadas na seguran\u00e7a econ\u00f3mica e na soberania alimentar dos jovens, bem como outras iniciativas comunit\u00e1rias da Secretaria da Juventude e da Secretaria da N\u00e3o-Viol\u00eancia.<\/span><\/p>\n<p><span style=\"font-weight: 400;\">A sua experi\u00eancia incluiu encontros com jovens no \u00e2mbito de uma oficina de emerg\u00eancia clim\u00e1tica na Comuna Sete e com membros do Conselho Distrital da Juventude. Esta imers\u00e3o permitiu-lhe compreender profundamente o impacto positivo das iniciativas locais na juventude e na comunidade em geral.<\/span><\/p>\n<p><strong>Treinamento regional para formula\u00e7\u00e3o de projetos<\/strong><\/p>\n<p><span style=\"font-weight: 400;\">O treinamento aconteceu presencialmente na cidade de Esteban Echeverr\u00eda, Argentina, de 16 a 19 de agosto. Foram abordados tanto a metodologia de formula\u00e7\u00e3o de projectos como diferentes temas que atravessam todos os projectos, tais como g\u00e9nero, integra\u00e7\u00e3o regional e comunica\u00e7\u00e3o, migra\u00e7\u00e3o, sa\u00fade e novas formas de financiamento. Para estes espa\u00e7os colaboraram representantes de diferentes organiza\u00e7\u00f5es aliadas: Associa\u00e7\u00e3o de Universidades do Grupo de Montevid\u00e9u (AUGM), ACNUR, UNICEF e Investimento P\u00fablico Global (IPG).<\/span><\/p>\n<p><span style=\"font-weight: 400;\">Do total de projetos finalistas, tr\u00eas foram selecionados para realizar uma visita t\u00e9cnica a uma cidade com experi\u00eancia semelhante \u00e0 da iniciativa formulada. O projeto selecionado de Santa F\u00e9 tem como t\u00edtulo: \u201cIntegrar a juventude. La\u00e7os associativos e solid\u00e1rios com os jovens da cidade de Santa F\u00e9\u201d.<\/span><\/p>\n\n\n\n\t<div class=\"dkpdf-button-container\" style=\" text-align:right \">\n\n\t\t<a class=\"dkpdf-button\" href=\"\/pt-br\/wp-json\/wp\/v2\/posts\/9338?pdf=9338\" target=\"_blank\"><span class=\"dkpdf-button-icon\"><i class=\"fa fa-file-pdf-o\"><\/i><\/span> Descargar en PDF<\/a>\n\n\t<\/div>\n\n\n\n\n\n","protected":false},"excerpt":{"rendered":"<p>De 26 a 30 de novembro, Evangelina Chiaraviglio, da Prefeitura de Santa F\u00e9, visitou a cidade de Medell\u00edn como parte de sua participa\u00e7\u00e3o na 16\u00aa Capacita\u00e7\u00e3o em formula\u00e7\u00e3o e implementa\u00e7\u00e3o de projetos regionais que aconteceu na cidade de Esteban Echeverr\u00eda, no ano de 2022 . Descargar en PDF<\/p>\n","protected":false},"author":804,"featured_media":9334,"comment_status":"closed","ping_status":"closed","sticky":false,"template":"","format":"standard","meta":{"footnotes":""},"categories":[77,78],"tags":[],"class_list":["post-9338","post","type-post","status-publish","format-standard","has-post-thumbnail","hentry","category-nao-categorizado","category-noticia"],"_links":{"self":[{"href":"https:\/\/sursurmercociudades.org\/pt-br\/wp-json\/wp\/v2\/posts\/9338","targetHints":{"allow":["GET"]}}],"collection":[{"href":"https:\/\/sursurmercociudades.org\/pt-br\/wp-json\/wp\/v2\/posts"}],"about":[{"href":"https:\/\/sursurmercociudades.org\/pt-br\/wp-json\/wp\/v2\/types\/post"}],"author":[{"embeddable":true,"href":"https:\/\/sursurmercociudades.org\/pt-br\/wp-json\/wp\/v2\/users\/804"}],"replies":[{"embeddable":true,"href":"https:\/\/sursurmercociudades.org\/pt-br\/wp-json\/wp\/v2\/comments?post=9338"}],"version-history":[{"count":1,"href":"https:\/\/sursurmercociudades.org\/pt-br\/wp-json\/wp\/v2\/posts\/9338\/revisions"}],"predecessor-version":[{"id":9339,"href":"https:\/\/sursurmercociudades.org\/pt-br\/wp-json\/wp\/v2\/posts\/9338\/revisions\/9339"}],"wp:featuredmedia":[{"embeddable":true,"href":"https:\/\/sursurmercociudades.org\/pt-br\/wp-json\/wp\/v2\/media\/9334"}],"wp:attachment":[{"href":"https:\/\/sursurmercociudades.org\/pt-br\/wp-json\/wp\/v2\/media?parent=9338"}],"wp:term":[{"taxonomy":"category","embeddable":true,"href":"https:\/\/sursurmercociudades.org\/pt-br\/wp-json\/wp\/v2\/categories?post=9338"},{"taxonomy":"post_tag","embeddable":true,"href":"https:\/\/sursurmercociudades.org\/pt-br\/wp-json\/wp\/v2\/tags?post=9338"}],"curies":[{"name":"wp","href":"https:\/\/api.w.org\/{rel}","templated":true}]}}