{"id":9735,"date":"2024-06-20T10:00:41","date_gmt":"2024-06-20T13:00:41","guid":{"rendered":"https:\/\/sursurmercociudades.org\/convocatoria-abierta-capacitacion-de-mercociudades-en-formulacion-de-proyectos-regionales\/"},"modified":"2024-08-22T11:10:19","modified_gmt":"2024-08-22T14:10:19","slug":"convocatoria-abierta-capacitacion-de-mercociudades-en-formulacion-de-proyectos-regionales","status":"publish","type":"post","link":"https:\/\/sursurmercociudades.org\/pt-br\/convocatoria-abierta-capacitacion-de-mercociudades-en-formulacion-de-proyectos-regionales\/","title":{"rendered":"Prazo de inscri\u00e7\u00e3o prorrogado at\u00e9 2 de julho: Forma\u00e7\u00e3o de Mercocidades na formula\u00e7\u00e3o de projetos regionais"},"content":{"rendered":"<p>O\u00a0<a href=\"https:\/\/sursurmercociudades.org\/\">Programa de Coopera\u00e7\u00e3o Sul Sul de Mercocidades<\/a> amplia seu per\u00edodo de inscri\u00e7\u00e3o para participar da 18\u00aa edi\u00e7\u00e3o de sua capacita\u00e7\u00e3o para formula\u00e7\u00e3o de projetos regionais. Governos locais, organiza\u00e7\u00f5es sociais e institui\u00e7\u00f5es acad\u00eamicas da Am\u00e9rica do Sul s\u00e3o convidados a enviar ideias de projetos a serem formulados durante o processo de forma\u00e7\u00e3o. As inscri\u00e7\u00f5es podem ser feitas at\u00e9 ter\u00e7a-feira, 2 de julho.<!--more--><span id=\"more-45160\"><\/span><\/p>\n<p>Este ano a convocat\u00f3ria convida os candidatos a apresentarem propostas que tenham como eixo central \u201co direito \u00e0 cidade, a cidade do cuidado\u201d; com destaque para os temas: migra\u00e7\u00e3o, inova\u00e7\u00e3o, igualdade de g\u00e9nero, popula\u00e7\u00f5es vulner\u00e1veis, sistema de sa\u00fade e cuidados. Al\u00e9m disso, os Objetivos de Desenvolvimento Sustent\u00e1vel 5, 11 e 17 (<a href=\"https:\/\/www.un.org\/sustainabledevelopment\/es\/gender-equality\/\">Igualdade de G\u00eanero<\/a>\u00a0\u2013\u00a0<a href=\"https:\/\/www.un.org\/sustainabledevelopment\/es\/gender-equality\/\">Cidades e Comunidades Sustent\u00e1veis<\/a>\u00a0\u200b\u200b\u2013\u00a0<a href=\"https:\/\/www.un.org\/sustainabledevelopment\/es\/globalpartnerships\/\">Alian\u00e7as para alcan\u00e7ar os Objetivos<\/a>) s\u00e3o sugeridos como eixos transversais.<\/p>\n<p>Podem se inscrever\u00a0<a href=\"https:\/\/mercociudades.org\/ciudades-miembro\/\">governos locais membros de Mercocidades<\/a>,\u00a0ou organiza\u00e7\u00f5es e institui\u00e7\u00f5es acad\u00eamicas sediadas em cidades membros da Rede.<\/p>\n<p><strong>Ser\u00e3o selecionados at\u00e9 25 participantes que comparecer\u00e3o presencialmente de 12 a 16 de agosto de 2024, na cidade de Assun\u00e7\u00e3o, Paraguai (com despesas de hospedagem, alimenta\u00e7\u00e3o e traslados internos cobertos, bem como entrega de todo material de trabalho sem custo), e continuar\u00e3o com assessoria virtual que durante tr\u00eas meses lhes permitir\u00e1 chegar a uma vers\u00e3o definitiva de seus projetos.<\/strong><\/p>\n<p>Do total de projetos formulados durante a forma\u00e7\u00e3o, ser\u00e3o selecionados at\u00e9 tr\u00eas que ter\u00e3o financiamento integral (passagem a\u00e9rea internacional, subsist\u00eancia e hospedagem) para realizar uma visita t\u00e9cnica a uma cidade com experi\u00eancia semelhante \u00e0 da iniciativa formulada ou participar de uma atividade desenvolvida pela Mercocidades em 2025.<\/p>\n<p>As inscri\u00e7\u00f5es poder\u00e3o ser feitas at\u00e9 ter\u00e7a-feira, 2 de julho inclusive, atrav\u00e9s do FORMUL\u00c1RIO DE CANDIDATURA (dispon\u00edvel em <a href=\"https:\/\/sursurmercociudades.org\/postulacion-para-capacitacion-en-formulacion-de-proyectos\/\">espanhol<\/a>\u00a0e<a href=\"https:\/\/sursurmercociudades.org\/pt-br\/aplicacao-formacao-para-a-formulacao-de-projectos\/\">\u00a0portugu\u00eas<\/a>).\u00a0<i>Para preencher o formul\u00e1rio \u00e9 necess\u00e1rio ter um usu\u00e1rio no site Sur Sur. Caso n\u00e3o possua, ao clicar no link do formul\u00e1rio aparecer\u00e1 a op\u00e7\u00e3o de cadastro.<\/i><\/p>\n<p>Acesse as\u00a0<a href=\"https:\/\/sursurmercociudades.org\/wp-content\/uploads\/2024\/05\/Bases_18a-Capacitacion_Mercociudades-port_plazo2julio.pdf\">bases da convocat\u00f3ria.<\/a><\/p>\n<p>Para d\u00favidas, entre em contato com o seguinte e-mail <a href=\"mailto:innovacion.comunica@gmail.com\">innovacion.comunica@gmail.com<\/a> (as d\u00favidas ser\u00e3o respondidas de segunda a sexta-feira, das 9h \u00e0s 16h).<\/p>\n\n\n\n\t<div class=\"dkpdf-button-container\" style=\" text-align:right \">\n\n\t\t<a class=\"dkpdf-button\" href=\"\/pt-br\/wp-json\/wp\/v2\/posts\/9735?pdf=9735\" target=\"_blank\"><span class=\"dkpdf-button-icon\"><i class=\"fa fa-file-pdf-o\"><\/i><\/span> Descargar en PDF<\/a>\n\n\t<\/div>\n\n\n\n\n\n","protected":false},"excerpt":{"rendered":"<p>O\u00a0Programa de Coopera\u00e7\u00e3o Sul Sul de Mercocidades amplia seu per\u00edodo de inscri\u00e7\u00e3o para participar da 18\u00aa edi\u00e7\u00e3o de sua capacita\u00e7\u00e3o para formula\u00e7\u00e3o de projetos regionais. Governos locais, organiza\u00e7\u00f5es sociais e institui\u00e7\u00f5es acad\u00eamicas da Am\u00e9rica do Sul s\u00e3o convidados a enviar ideias de projetos a serem formulados durante o processo de forma\u00e7\u00e3o. As inscri\u00e7\u00f5es podem ser [&#8230;]\n","protected":false},"author":804,"featured_media":9883,"comment_status":"closed","ping_status":"closed","sticky":false,"template":"","format":"standard","meta":{"footnotes":""},"categories":[77,78],"tags":[],"class_list":["post-9735","post","type-post","status-publish","format-standard","has-post-thumbnail","hentry","category-nao-categorizado","category-noticia"],"_links":{"self":[{"href":"https:\/\/sursurmercociudades.org\/pt-br\/wp-json\/wp\/v2\/posts\/9735","targetHints":{"allow":["GET"]}}],"collection":[{"href":"https:\/\/sursurmercociudades.org\/pt-br\/wp-json\/wp\/v2\/posts"}],"about":[{"href":"https:\/\/sursurmercociudades.org\/pt-br\/wp-json\/wp\/v2\/types\/post"}],"author":[{"embeddable":true,"href":"https:\/\/sursurmercociudades.org\/pt-br\/wp-json\/wp\/v2\/users\/804"}],"replies":[{"embeddable":true,"href":"https:\/\/sursurmercociudades.org\/pt-br\/wp-json\/wp\/v2\/comments?post=9735"}],"version-history":[{"count":6,"href":"https:\/\/sursurmercociudades.org\/pt-br\/wp-json\/wp\/v2\/posts\/9735\/revisions"}],"predecessor-version":[{"id":9889,"href":"https:\/\/sursurmercociudades.org\/pt-br\/wp-json\/wp\/v2\/posts\/9735\/revisions\/9889"}],"wp:featuredmedia":[{"embeddable":true,"href":"https:\/\/sursurmercociudades.org\/pt-br\/wp-json\/wp\/v2\/media\/9883"}],"wp:attachment":[{"href":"https:\/\/sursurmercociudades.org\/pt-br\/wp-json\/wp\/v2\/media?parent=9735"}],"wp:term":[{"taxonomy":"category","embeddable":true,"href":"https:\/\/sursurmercociudades.org\/pt-br\/wp-json\/wp\/v2\/categories?post=9735"},{"taxonomy":"post_tag","embeddable":true,"href":"https:\/\/sursurmercociudades.org\/pt-br\/wp-json\/wp\/v2\/tags?post=9735"}],"curies":[{"name":"wp","href":"https:\/\/api.w.org\/{rel}","templated":true}]}}